{"id":20996,"date":"2025-06-20T10:12:44","date_gmt":"2025-06-20T08:12:44","guid":{"rendered":"https:\/\/agora.xtec.cat\/ceipgaziel\/?p=20996"},"modified":"2025-06-20T10:12:45","modified_gmt":"2025-06-20T08:12:45","slug":"setmana-de-la-ciencia-a-lescola","status":"publish","type":"post","link":"https:\/\/agora.xtec.cat\/ceipgaziel\/general\/setmana-de-la-ciencia-a-lescola\/","title":{"rendered":"SETMANA DE LA CI\u00c8NCIA A L&#8217;ESCOLA"},"content":{"rendered":"\n<p>\ud83d\udd2c Setmana de la Ci\u00e8ncia a l&#8217;Escola Gaziel!<br>Del dilluns 16 al dijous 19 de juny, tota l\u2019Escola Gaziel \u2014des dels m\u00e9s petits d\u2019I3 fins als grans de 6\u00e8\u2014 estem immersos en la Setmana de la Ci\u00e8ncia!<\/p>\n\n\n\n<p>Durant aquests dies, ens endinsem en el m\u00f3n cient\u00edfic a trav\u00e9s de tallers, experiments, observacions, maquetes, jocs i molta descoberta. Cada dia anem compartint les activitats que fan els infants, i les podreu veure en aquests enlla\u00e7os:<\/p>\n\n\n\n<p>\ud83d\udcc5 Dilluns \u2013 [<a href=\"https:\/\/photos.app.goo.gl\/jW5Gm6RticqKQMix9\">https:\/\/photos.app.goo.gl\/jW5Gm6RticqKQMix9<\/a>]<br>\ud83d\udcc5 Dimarts \u2013 [<a href=\"https:\/\/photos.app.goo.gl\/VuKcgTZcMGzGk2Pk7\">https:\/\/photos.app.goo.gl\/VuKcgTZcMGzGk2Pk7<\/a>]<br>\ud83d\udcc5 Dimecres \u2013 [<a href=\"https:\/\/photos.app.goo.gl\/jsnETJWcnD6T7MgZA\">https:\/\/photos.app.goo.gl\/jsnETJWcnD6T7MgZA<\/a>]<\/p>\n\n\n\n<p>I per acabar, el dijous a la tarda celebrem la Fira de la Ci\u00e8ncia! \ud83e\uddea<br>Els nens i nenes exposaran els seus experiments i creacions: maquetes, cartells, descobertes i moltes curiositats que han apr\u00e8s durant la setmana. <\/p>\n\n\n\n<p>\ud83d\udcc5 Dijous \u2013 [<a href=\"https:\/\/photos.app.goo.gl\/aVVE1sKU6FY2SnFX9\">https:\/\/photos.app.goo.gl\/aVVE1sKU6FY2SnFX9<\/a>]<\/p>\n\n\n\n<p>La ci\u00e8ncia ens envolta\u2026 i nosaltres la vivim!<\/p>\n\n\n\n<p><\/p>\n","protected":false},"excerpt":{"rendered":"<p>\ud83d\udd2c Setmana de la Ci\u00e8ncia a l&#8217;Escola Gaziel!Del dilluns 16 al dijous 19 de juny, tota l\u2019Escola Gaziel \u2014des dels [&hellip;]<\/p>\n","protected":false},"author":6,"featured_media":20994,"comment_status":"open","ping_status":"open","sticky":false,"template":"","format":"standard","meta":{"_bbp_topic_count":0,"_bbp_reply_count":0,"_bbp_total_topic_count":0,"_bbp_total_reply_count":0,"_bbp_voice_count":0,"_bbp_anonymous_reply_count":0,"_bbp_topic_count_hidden":0,"_bbp_reply_count_hidden":0,"_bbp_forum_subforum_count":0,"site-sidebar-layout":"default","site-content-layout":"","ast-site-content-layout":"default","site-content-style":"default","site-sidebar-style":"default","ast-global-header-display":"","ast-banner-title-visibility":"","ast-main-header-display":"","ast-hfb-above-header-display":"","ast-hfb-below-header-display":"","ast-hfb-mobile-header-display":"","site-post-title":"","ast-breadcrumbs-content":"","ast-featured-img":"","footer-sml-layout":"","theme-transparent-header-meta":"","adv-header-id-meta":"","stick-header-meta":"","header-above-stick-meta":"","header-main-stick-meta":"","header-below-stick-meta":"","astra-migrate-meta-layouts":"set","ast-page-background-enabled":"default","ast-page-background-meta":{"desktop":{"background-color":"var(--ast-global-color-4)","background-image":"","background-repeat":"repeat","background-position":"center center","background-size":"auto","background-attachment":"scroll","background-type":"","background-media":"","overlay-type":"","overlay-color":"","overlay-opacity":"","overlay-gradient":""},"tablet":{"background-color":"","background-image":"","background-repeat":"repeat","background-position":"center center","background-size":"auto","background-attachment":"scroll","background-type":"","background-media":"","overlay-type":"","overlay-color":"","overlay-opacity":"","overlay-gradient":""},"mobile":{"background-color":"","background-image":"","background-repeat":"repeat","background-position":"center center","background-size":"auto","background-attachment":"scroll","background-type":"","background-media":"","overlay-type":"","overlay-color":"","overlay-opacity":"","overlay-gradient":""}},"ast-content-background-meta":{"desktop":{"background-color":"var(--ast-global-color-5)","background-image":"","background-repeat":"repeat","background-position":"center center","background-size":"auto","background-attachment":"scroll","background-type":"","background-media":"","overlay-type":"","overlay-color":"","overlay-opacity":"","overlay-gradient":""},"tablet":{"background-color":"var(--ast-global-color-5)","background-image":"","background-repeat":"repeat","background-position":"center center","background-size":"auto","background-attachment":"scroll","background-type":"","background-media":"","overlay-type":"","overlay-color":"","overlay-opacity":"","overlay-gradient":""},"mobile":{"background-color":"var(--ast-global-color-5)","background-image":"","background-repeat":"repeat","background-position":"center center","background-size":"auto","background-attachment":"scroll","background-type":"","background-media":"","overlay-type":"","overlay-color":"","overlay-opacity":"","overlay-gradient":""}},"footnotes":""},"categories":[10,11,12,13,14,15,108,109,110,133,1,3,8,9,2,4,5],"tags":[],"class_list":["post-20996","post","type-post","status-publish","format-standard","has-post-thumbnail","hentry","category-1r","category-2n","category-3r","category-4t","category-5e","category-6e","category-cicle-inicial","category-cicle-mitja","category-cicle-superior","category-escola-verda","category-general","category-i3","category-i4","category-i5","category-infantil","category-portada","category-primaria"],"post_mailing_queue_ids":[],"_links":{"self":[{"href":"https:\/\/agora.xtec.cat\/ceipgaziel\/wp-json\/wp\/v2\/posts\/20996","targetHints":{"allow":["GET"]}}],"collection":[{"href":"https:\/\/agora.xtec.cat\/ceipgaziel\/wp-json\/wp\/v2\/posts"}],"about":[{"href":"https:\/\/agora.xtec.cat\/ceipgaziel\/wp-json\/wp\/v2\/types\/post"}],"author":[{"embeddable":true,"href":"https:\/\/agora.xtec.cat\/ceipgaziel\/wp-json\/wp\/v2\/users\/6"}],"replies":[{"embeddable":true,"href":"https:\/\/agora.xtec.cat\/ceipgaziel\/wp-json\/wp\/v2\/comments?post=20996"}],"version-history":[{"count":1,"href":"https:\/\/agora.xtec.cat\/ceipgaziel\/wp-json\/wp\/v2\/posts\/20996\/revisions"}],"predecessor-version":[{"id":20997,"href":"https:\/\/agora.xtec.cat\/ceipgaziel\/wp-json\/wp\/v2\/posts\/20996\/revisions\/20997"}],"wp:featuredmedia":[{"embeddable":true,"href":"https:\/\/agora.xtec.cat\/ceipgaziel\/wp-json\/wp\/v2\/media\/20994"}],"wp:attachment":[{"href":"https:\/\/agora.xtec.cat\/ceipgaziel\/wp-json\/wp\/v2\/media?parent=20996"}],"wp:term":[{"taxonomy":"category","embeddable":true,"href":"https:\/\/agora.xtec.cat\/ceipgaziel\/wp-json\/wp\/v2\/categories?post=20996"},{"taxonomy":"post_tag","embeddable":true,"href":"https:\/\/agora.xtec.cat\/ceipgaziel\/wp-json\/wp\/v2\/tags?post=20996"}],"curies":[{"name":"wp","href":"https:\/\/api.w.org\/{rel}","templated":true}]}}