{"id":20925,"date":"2025-05-31T00:51:29","date_gmt":"2025-05-30T22:51:29","guid":{"rendered":"https:\/\/agora.xtec.cat\/ceipgaziel\/?p=20925"},"modified":"2025-06-13T13:49:12","modified_gmt":"2025-06-13T11:49:12","slug":"un-viatge-emocionant","status":"publish","type":"post","link":"https:\/\/agora.xtec.cat\/ceipgaziel\/general\/un-viatge-emocionant\/","title":{"rendered":"UN VIATGE EMOCIONANT"},"content":{"rendered":"\n<p class=\"has-text-align-center\">\ud83c\udfad <strong>Les emocions prenen vida a l\u2019escenari!<\/strong><br><em>Projecte d\u2019Arts ESCOLA GAZIEL \u2013 de I3 a 6\u00e8<\/em><\/p>\n\n\n\n<p>Avui divendres 30 de maig, l\u2019alumnat de tota l\u2019escola \u2014des dels m\u00e9s petits d\u2019I3 fins als grans de 6\u00e8\u2014 han pujat a l\u2019escenari del treatre Narc\u00eds Masferrer de Sant Feliu de Gu\u00edxols per compartir amb les fam\u00edlies una actuaci\u00f3 molt especial. El projecte d\u2019aquest curs girava entorn <strong>les emocions<\/strong>, i ha culminat en una representaci\u00f3 col\u00b7lectiva plena de color, expressi\u00f3 i sensibilitat.<\/p>\n\n\n\n<p>Al llarg del curs, els nens i nenes han treballat escenes, coreografies i propostes creatives que expressaven diferents emocions com l\u2019alegria, la por, la tristesa, la calma o la r\u00e0bia. Tot plegat ha estat una experi\u00e8ncia art\u00edstica i vivencial que ha connectat a petits i grans a trav\u00e9s del llenguatge universal de les emocions.<\/p>\n\n\n\n<p class=\"has-text-align-center\">\ud83d\udc9bEducar tamb\u00e9 \u00e9s aprendre a sentir.<\/p>\n\n\n\n<p>\ud83d\udc49 <strong>Aqu\u00ed sota trobareu els v\u00eddeos complets de les dues actuacions<\/strong>, perqu\u00e8 els pugueu reviure tantes vegades com vulgueu!<\/p>\n\n\n\n<p>\ud83c\udfa5\ud83d\udc479&#8217;30h UN VIATGE EMOCIONANT (i5, 1rA, 2nA, 3r, 4tA, 5\u00e8A i 6\u00e8A)<\/p>\n\n\n\n<figure class=\"wp-block-embed is-type-video is-provider-youtube wp-block-embed-youtube wp-embed-aspect-16-9 wp-has-aspect-ratio\"><div class=\"wp-block-embed__wrapper\">\n<div class=\"ast-oembed-container \" style=\"height: 100%;\"><iframe loading=\"lazy\" title=\"ESCOLA GAZIEL -Projecte Arts -UN VIATGE EMOCIONANT- i5, 1rA, 2nA, 3r, 4tA, 5\u00e8A, 6\u00e8A\" width=\"500\" height=\"281\" src=\"https:\/\/www.youtube.com\/embed\/tva5tXaPnzw?feature=oembed\" frameborder=\"0\" allow=\"accelerometer; autoplay; clipboard-write; encrypted-media; gyroscope; picture-in-picture; web-share\" referrerpolicy=\"strict-origin-when-cross-origin\" allowfullscreen><\/iframe><\/div>\n<\/div><\/figure>\n\n\n\n<p>\ud83c\udfa5\ud83d\udc4711&#8217;30h UN VIATGE EMOCIONANT (i3, i4 , 1rB, 2nB, 4tB, 5\u00e8B i 6\u00e8B)<\/p>\n\n\n\n<figure class=\"wp-block-embed is-type-video is-provider-youtube wp-block-embed-youtube wp-embed-aspect-16-9 wp-has-aspect-ratio\"><div class=\"wp-block-embed__wrapper\">\n<div class=\"ast-oembed-container \" style=\"height: 100%;\"><iframe loading=\"lazy\" title=\"ESCOLA GAZIEL -Projecte Arts -UN VIATGE EMOCIONANT- i3, i4, 1rB, 2nB, 4tB, 5\u00e8B, 6\u00e8B\" width=\"500\" height=\"281\" src=\"https:\/\/www.youtube.com\/embed\/_aMR2IgN_Xs?feature=oembed\" frameborder=\"0\" allow=\"accelerometer; autoplay; clipboard-write; encrypted-media; gyroscope; picture-in-picture; web-share\" referrerpolicy=\"strict-origin-when-cross-origin\" allowfullscreen><\/iframe><\/div>\n<\/div><\/figure>\n\n\n\n<p>A m\u00e9s, volem fer un <strong>agra\u00efment molt especial a la X\u00e8nia<\/strong>, que ha estat l\u2019\u00e0nima d\u2019aquest projecte: amb la seva passi\u00f3, dedicaci\u00f3 i sensibilitat ha sabut guiar tot l\u2019alumnat i fer possible aquest espectacle tan significatiu. Al final de l\u2019acte, l\u2019hem volgut sorprendre amb un petit homenatge i un detall en nom de tota la comunitat educativa.<\/p>\n\n\n\n<figure class=\"wp-block-embed is-type-video is-provider-youtube wp-block-embed-youtube wp-embed-aspect-16-9 wp-has-aspect-ratio\"><div class=\"wp-block-embed__wrapper\">\n<div class=\"ast-oembed-container \" style=\"height: 100%;\"><iframe loading=\"lazy\" title=\"ESCOLA GAZIEL- PROJECTE ARTS- DETALL X\u00c8NIA\" width=\"500\" height=\"281\" src=\"https:\/\/www.youtube.com\/embed\/glQxAP0qd8Q?feature=oembed\" frameborder=\"0\" allow=\"accelerometer; autoplay; clipboard-write; encrypted-media; gyroscope; picture-in-picture; web-share\" referrerpolicy=\"strict-origin-when-cross-origin\" allowfullscreen><\/iframe><\/div>\n<\/div><\/figure>\n\n\n\n<p class=\"has-text-align-center\">Gr\u00e0cies a tothom qui ho ha fet possible! Ens veiem el curs vinent amb m\u00e9s art, emocions i moments compartits. \ud83d\udcab<\/p>\n","protected":false},"excerpt":{"rendered":"<p>\ud83c\udfad Les emocions prenen vida a l\u2019escenari!Projecte d\u2019Arts ESCOLA GAZIEL \u2013 de I3 a 6\u00e8 Avui divendres 30 de maig, [&hellip;]<\/p>\n","protected":false},"author":6,"featured_media":20926,"comment_status":"open","ping_status":"open","sticky":false,"template":"","format":"standard","meta":{"_bbp_topic_count":0,"_bbp_reply_count":0,"_bbp_total_topic_count":0,"_bbp_total_reply_count":0,"_bbp_voice_count":0,"_bbp_anonymous_reply_count":0,"_bbp_topic_count_hidden":0,"_bbp_reply_count_hidden":0,"_bbp_forum_subforum_count":0,"site-sidebar-layout":"default","site-content-layout":"","ast-site-content-layout":"default","site-content-style":"default","site-sidebar-style":"default","ast-global-header-display":"","ast-banner-title-visibility":"","ast-main-header-display":"","ast-hfb-above-header-display":"","ast-hfb-below-header-display":"","ast-hfb-mobile-header-display":"","site-post-title":"","ast-breadcrumbs-content":"","ast-featured-img":"","footer-sml-layout":"","theme-transparent-header-meta":"","adv-header-id-meta":"","stick-header-meta":"","header-above-stick-meta":"","header-main-stick-meta":"","header-below-stick-meta":"","astra-migrate-meta-layouts":"set","ast-page-background-enabled":"default","ast-page-background-meta":{"desktop":{"background-color":"var(--ast-global-color-4)","background-image":"","background-repeat":"repeat","background-position":"center center","background-size":"auto","background-attachment":"scroll","background-type":"","background-media":"","overlay-type":"","overlay-color":"","overlay-opacity":"","overlay-gradient":""},"tablet":{"background-color":"","background-image":"","background-repeat":"repeat","background-position":"center center","background-size":"auto","background-attachment":"scroll","background-type":"","background-media":"","overlay-type":"","overlay-color":"","overlay-opacity":"","overlay-gradient":""},"mobile":{"background-color":"","background-image":"","background-repeat":"repeat","background-position":"center center","background-size":"auto","background-attachment":"scroll","background-type":"","background-media":"","overlay-type":"","overlay-color":"","overlay-opacity":"","overlay-gradient":""}},"ast-content-background-meta":{"desktop":{"background-color":"var(--ast-global-color-5)","background-image":"","background-repeat":"repeat","background-position":"center center","background-size":"auto","background-attachment":"scroll","background-type":"","background-media":"","overlay-type":"","overlay-color":"","overlay-opacity":"","overlay-gradient":""},"tablet":{"background-color":"var(--ast-global-color-5)","background-image":"","background-repeat":"repeat","background-position":"center center","background-size":"auto","background-attachment":"scroll","background-type":"","background-media":"","overlay-type":"","overlay-color":"","overlay-opacity":"","overlay-gradient":""},"mobile":{"background-color":"var(--ast-global-color-5)","background-image":"","background-repeat":"repeat","background-position":"center center","background-size":"auto","background-attachment":"scroll","background-type":"","background-media":"","overlay-type":"","overlay-color":"","overlay-opacity":"","overlay-gradient":""}},"footnotes":""},"categories":[10,11,12,13,14,15,108,109,110,1,3,8,9,2,4,5],"tags":[],"class_list":["post-20925","post","type-post","status-publish","format-standard","has-post-thumbnail","hentry","category-1r","category-2n","category-3r","category-4t","category-5e","category-6e","category-cicle-inicial","category-cicle-mitja","category-cicle-superior","category-general","category-i3","category-i4","category-i5","category-infantil","category-portada","category-primaria"],"post_mailing_queue_ids":[],"_links":{"self":[{"href":"https:\/\/agora.xtec.cat\/ceipgaziel\/wp-json\/wp\/v2\/posts\/20925","targetHints":{"allow":["GET"]}}],"collection":[{"href":"https:\/\/agora.xtec.cat\/ceipgaziel\/wp-json\/wp\/v2\/posts"}],"about":[{"href":"https:\/\/agora.xtec.cat\/ceipgaziel\/wp-json\/wp\/v2\/types\/post"}],"author":[{"embeddable":true,"href":"https:\/\/agora.xtec.cat\/ceipgaziel\/wp-json\/wp\/v2\/users\/6"}],"replies":[{"embeddable":true,"href":"https:\/\/agora.xtec.cat\/ceipgaziel\/wp-json\/wp\/v2\/comments?post=20925"}],"version-history":[{"count":3,"href":"https:\/\/agora.xtec.cat\/ceipgaziel\/wp-json\/wp\/v2\/posts\/20925\/revisions"}],"predecessor-version":[{"id":20929,"href":"https:\/\/agora.xtec.cat\/ceipgaziel\/wp-json\/wp\/v2\/posts\/20925\/revisions\/20929"}],"wp:featuredmedia":[{"embeddable":true,"href":"https:\/\/agora.xtec.cat\/ceipgaziel\/wp-json\/wp\/v2\/media\/20926"}],"wp:attachment":[{"href":"https:\/\/agora.xtec.cat\/ceipgaziel\/wp-json\/wp\/v2\/media?parent=20925"}],"wp:term":[{"taxonomy":"category","embeddable":true,"href":"https:\/\/agora.xtec.cat\/ceipgaziel\/wp-json\/wp\/v2\/categories?post=20925"},{"taxonomy":"post_tag","embeddable":true,"href":"https:\/\/agora.xtec.cat\/ceipgaziel\/wp-json\/wp\/v2\/tags?post=20925"}],"curies":[{"name":"wp","href":"https:\/\/api.w.org\/{rel}","templated":true}]}}