{"id":20922,"date":"2025-05-26T22:08:03","date_gmt":"2025-05-26T20:08:03","guid":{"rendered":"https:\/\/agora.xtec.cat\/ceipgaziel\/?p=20922"},"modified":"2025-06-13T13:49:39","modified_gmt":"2025-06-13T11:49:39","slug":"lescola-commemora-la-figura-de-gaziel","status":"publish","type":"post","link":"https:\/\/agora.xtec.cat\/ceipgaziel\/general\/lescola-commemora-la-figura-de-gaziel\/","title":{"rendered":"L\u2019escola commemora la figura de Gaziel"},"content":{"rendered":"\n<p class=\"has-text-align-center\"><strong>L\u2019escola commemora la figura de Gaziel amb una placa cedida per l\u2019escultor <\/strong><\/p>\n\n\n\n<p class=\"has-text-align-center\"><strong>Jes\u00fas Delgado<\/strong><\/p>\n\n\n\n<p>Aquest dilluns 26 de maig al mat\u00ed, l\u2019escola ha celebrat un emotiu acte de reconeixement a la figura del periodista i escriptor Gaziel, amb motiu de la donaci\u00f3 d\u2019una placa commemorativa per part de l\u2019escultor Jes\u00fas Delgado.<\/p>\n\n\n\n<p>L\u2019acte ha comptat amb la pres\u00e8ncia de l\u2019artista, representants de les autoritats locals, l\u2019equip docent i alumnat del centre, aix\u00ed com diverses fam\u00edlies que s\u2019han volgut sumar a la celebraci\u00f3. Els alumnes han estat els encarregats de llegir fragments biogr\u00e0fics i destacar moments rellevants de la traject\u00f2ria professional de Gaziel, tot reivindicant-ne el llegat literari i period\u00edstic.<\/p>\n\n\n\n<p>El moment m\u00e9s destacat ha estat el descobriment de la placa, una obra d\u2019art que ja forma part del patrimoni simb\u00f2lic de l\u2019escola. Amb aquesta iniciativa, el centre vol posar en valor la cultura, la mem\u00f2ria hist\u00f2rica i el vincle amb figures rellevants del nostre entorn.<\/p>\n\n\n\n<p class=\"has-text-align-center\">-Cliqueu la imatge per veure el nostre petit ACTE-<\/p>\n\n\n\n<figure class=\"wp-block-image size-large is-resized\"><a href=\"https:\/\/photos.app.goo.gl\/7CyRdohD1p5VGTY38\"><img loading=\"lazy\" decoding=\"async\" width=\"724\" height=\"1024\" src=\"https:\/\/agora.xtec.cat\/ceipgaziel\/wp-content\/uploads\/usu2100\/2025\/05\/Invitacio-Commemoracio-Agusti-Calvet-i-Pascual-GAZIEL-724x1024.jpg\" alt=\"\" class=\"wp-image-20923\" style=\"width:468px;height:auto\" srcset=\"https:\/\/agora.xtec.cat\/ceipgaziel\/wp-content\/uploads\/usu2100\/2025\/05\/Invitacio-Commemoracio-Agusti-Calvet-i-Pascual-GAZIEL-724x1024.jpg 724w, https:\/\/agora.xtec.cat\/ceipgaziel\/wp-content\/uploads\/usu2100\/2025\/05\/Invitacio-Commemoracio-Agusti-Calvet-i-Pascual-GAZIEL-212x300.jpg 212w, https:\/\/agora.xtec.cat\/ceipgaziel\/wp-content\/uploads\/usu2100\/2025\/05\/Invitacio-Commemoracio-Agusti-Calvet-i-Pascual-GAZIEL-768x1086.jpg 768w, https:\/\/agora.xtec.cat\/ceipgaziel\/wp-content\/uploads\/usu2100\/2025\/05\/Invitacio-Commemoracio-Agusti-Calvet-i-Pascual-GAZIEL.jpg 800w\" sizes=\"auto, (max-width: 724px) 100vw, 724px\" \/><\/a><\/figure>\n\n\n\n<p><\/p>\n","protected":false},"excerpt":{"rendered":"<p>L\u2019escola commemora la figura de Gaziel amb una placa cedida per l\u2019escultor Jes\u00fas Delgado Aquest dilluns 26 de maig al [&hellip;]<\/p>\n","protected":false},"author":6,"featured_media":20923,"comment_status":"open","ping_status":"open","sticky":false,"template":"","format":"standard","meta":{"_bbp_topic_count":0,"_bbp_reply_count":0,"_bbp_total_topic_count":0,"_bbp_total_reply_count":0,"_bbp_voice_count":0,"_bbp_anonymous_reply_count":0,"_bbp_topic_count_hidden":0,"_bbp_reply_count_hidden":0,"_bbp_forum_subforum_count":0,"site-sidebar-layout":"default","site-content-layout":"","ast-site-content-layout":"default","site-content-style":"default","site-sidebar-style":"default","ast-global-header-display":"","ast-banner-title-visibility":"","ast-main-header-display":"","ast-hfb-above-header-display":"","ast-hfb-below-header-display":"","ast-hfb-mobile-header-display":"","site-post-title":"","ast-breadcrumbs-content":"","ast-featured-img":"","footer-sml-layout":"","theme-transparent-header-meta":"","adv-header-id-meta":"","stick-header-meta":"","header-above-stick-meta":"","header-main-stick-meta":"","header-below-stick-meta":"","astra-migrate-meta-layouts":"set","ast-page-background-enabled":"default","ast-page-background-meta":{"desktop":{"background-color":"var(--ast-global-color-4)","background-image":"","background-repeat":"repeat","background-position":"center center","background-size":"auto","background-attachment":"scroll","background-type":"","background-media":"","overlay-type":"","overlay-color":"","overlay-opacity":"","overlay-gradient":""},"tablet":{"background-color":"","background-image":"","background-repeat":"repeat","background-position":"center center","background-size":"auto","background-attachment":"scroll","background-type":"","background-media":"","overlay-type":"","overlay-color":"","overlay-opacity":"","overlay-gradient":""},"mobile":{"background-color":"","background-image":"","background-repeat":"repeat","background-position":"center center","background-size":"auto","background-attachment":"scroll","background-type":"","background-media":"","overlay-type":"","overlay-color":"","overlay-opacity":"","overlay-gradient":""}},"ast-content-background-meta":{"desktop":{"background-color":"var(--ast-global-color-5)","background-image":"","background-repeat":"repeat","background-position":"center center","background-size":"auto","background-attachment":"scroll","background-type":"","background-media":"","overlay-type":"","overlay-color":"","overlay-opacity":"","overlay-gradient":""},"tablet":{"background-color":"var(--ast-global-color-5)","background-image":"","background-repeat":"repeat","background-position":"center center","background-size":"auto","background-attachment":"scroll","background-type":"","background-media":"","overlay-type":"","overlay-color":"","overlay-opacity":"","overlay-gradient":""},"mobile":{"background-color":"var(--ast-global-color-5)","background-image":"","background-repeat":"repeat","background-position":"center center","background-size":"auto","background-attachment":"scroll","background-type":"","background-media":"","overlay-type":"","overlay-color":"","overlay-opacity":"","overlay-gradient":""}},"footnotes":""},"categories":[10,11,12,13,14,15,108,109,110,1,3,8,9,2,4,5],"tags":[],"class_list":["post-20922","post","type-post","status-publish","format-standard","has-post-thumbnail","hentry","category-1r","category-2n","category-3r","category-4t","category-5e","category-6e","category-cicle-inicial","category-cicle-mitja","category-cicle-superior","category-general","category-i3","category-i4","category-i5","category-infantil","category-portada","category-primaria"],"post_mailing_queue_ids":[],"_links":{"self":[{"href":"https:\/\/agora.xtec.cat\/ceipgaziel\/wp-json\/wp\/v2\/posts\/20922","targetHints":{"allow":["GET"]}}],"collection":[{"href":"https:\/\/agora.xtec.cat\/ceipgaziel\/wp-json\/wp\/v2\/posts"}],"about":[{"href":"https:\/\/agora.xtec.cat\/ceipgaziel\/wp-json\/wp\/v2\/types\/post"}],"author":[{"embeddable":true,"href":"https:\/\/agora.xtec.cat\/ceipgaziel\/wp-json\/wp\/v2\/users\/6"}],"replies":[{"embeddable":true,"href":"https:\/\/agora.xtec.cat\/ceipgaziel\/wp-json\/wp\/v2\/comments?post=20922"}],"version-history":[{"count":1,"href":"https:\/\/agora.xtec.cat\/ceipgaziel\/wp-json\/wp\/v2\/posts\/20922\/revisions"}],"predecessor-version":[{"id":20924,"href":"https:\/\/agora.xtec.cat\/ceipgaziel\/wp-json\/wp\/v2\/posts\/20922\/revisions\/20924"}],"wp:featuredmedia":[{"embeddable":true,"href":"https:\/\/agora.xtec.cat\/ceipgaziel\/wp-json\/wp\/v2\/media\/20923"}],"wp:attachment":[{"href":"https:\/\/agora.xtec.cat\/ceipgaziel\/wp-json\/wp\/v2\/media?parent=20922"}],"wp:term":[{"taxonomy":"category","embeddable":true,"href":"https:\/\/agora.xtec.cat\/ceipgaziel\/wp-json\/wp\/v2\/categories?post=20922"},{"taxonomy":"post_tag","embeddable":true,"href":"https:\/\/agora.xtec.cat\/ceipgaziel\/wp-json\/wp\/v2\/tags?post=20922"}],"curies":[{"name":"wp","href":"https:\/\/api.w.org\/{rel}","templated":true}]}}