{"id":20919,"date":"2025-05-22T16:17:05","date_gmt":"2025-05-22T14:17:05","guid":{"rendered":"https:\/\/agora.xtec.cat\/ceipgaziel\/?p=20919"},"modified":"2025-05-22T16:17:06","modified_gmt":"2025-05-22T14:17:06","slug":"trobada-comites-ambientals-baix-emporda-zona-sud","status":"publish","type":"post","link":"https:\/\/agora.xtec.cat\/ceipgaziel\/general\/trobada-comites-ambientals-baix-emporda-zona-sud\/","title":{"rendered":"Trobada Comit\u00e8s Ambientals Baix Empord\u00e0 (zona sud)"},"content":{"rendered":"\n<div class=\"wp-block-media-text is-stacked-on-mobile\"><figure class=\"wp-block-media-text__media\"><img loading=\"lazy\" decoding=\"async\" width=\"819\" height=\"1024\" src=\"https:\/\/agora.xtec.cat\/ceipgaziel\/wp-content\/uploads\/usu2100\/2025\/05\/ARRELATS-A-LA-FAUNA-DEL-NOSTRE-ENTORN-819x1024.jpg\" alt=\"\" class=\"wp-image-20920 size-full\" srcset=\"https:\/\/agora.xtec.cat\/ceipgaziel\/wp-content\/uploads\/usu2100\/2025\/05\/ARRELATS-A-LA-FAUNA-DEL-NOSTRE-ENTORN-819x1024.jpg 819w, https:\/\/agora.xtec.cat\/ceipgaziel\/wp-content\/uploads\/usu2100\/2025\/05\/ARRELATS-A-LA-FAUNA-DEL-NOSTRE-ENTORN-240x300.jpg 240w, https:\/\/agora.xtec.cat\/ceipgaziel\/wp-content\/uploads\/usu2100\/2025\/05\/ARRELATS-A-LA-FAUNA-DEL-NOSTRE-ENTORN-768x960.jpg 768w, https:\/\/agora.xtec.cat\/ceipgaziel\/wp-content\/uploads\/usu2100\/2025\/05\/ARRELATS-A-LA-FAUNA-DEL-NOSTRE-ENTORN.jpg 1080w\" sizes=\"auto, (max-width: 819px) 100vw, 819px\" \/><\/figure><div class=\"wp-block-media-text__content\">\n<p>Avui 16 de maig, els comit\u00e8s ambientals de les escoles verdes de prim\u00e0ria del Baix Empord\u00e0 (sector sud) s&#8217;han trobat al Palau Firal de Sant Antoni de Calonge per compartir experi\u00e8ncies sobre el projecte Arrelats a la fauna del nostre entorn. La jornada, centrada en la descoberta de la biodiversitat animal del territori, ha incl\u00f3s din\u00e0miques participatives i tallers sobre la fauna local a c\u00e0rrec del Consorci de les Gavarres i altres entitats ambientals<\/p>\n<\/div><\/div>\n","protected":false},"excerpt":{"rendered":"<p>Avui 16 de maig, els comit\u00e8s ambientals de les escoles verdes de prim\u00e0ria del Baix Empord\u00e0 (sector sud) s&#8217;han trobat [&hellip;]<\/p>\n","protected":false},"author":6,"featured_media":20920,"comment_status":"open","ping_status":"open","sticky":false,"template":"","format":"standard","meta":{"_bbp_topic_count":0,"_bbp_reply_count":0,"_bbp_total_topic_count":0,"_bbp_total_reply_count":0,"_bbp_voice_count":0,"_bbp_anonymous_reply_count":0,"_bbp_topic_count_hidden":0,"_bbp_reply_count_hidden":0,"_bbp_forum_subforum_count":0,"site-sidebar-layout":"default","site-content-layout":"","ast-site-content-layout":"default","site-content-style":"default","site-sidebar-style":"default","ast-global-header-display":"","ast-banner-title-visibility":"","ast-main-header-display":"","ast-hfb-above-header-display":"","ast-hfb-below-header-display":"","ast-hfb-mobile-header-display":"","site-post-title":"","ast-breadcrumbs-content":"","ast-featured-img":"","footer-sml-layout":"","theme-transparent-header-meta":"","adv-header-id-meta":"","stick-header-meta":"","header-above-stick-meta":"","header-main-stick-meta":"","header-below-stick-meta":"","astra-migrate-meta-layouts":"set","ast-page-background-enabled":"default","ast-page-background-meta":{"desktop":{"background-color":"var(--ast-global-color-4)","background-image":"","background-repeat":"repeat","background-position":"center center","background-size":"auto","background-attachment":"scroll","background-type":"","background-media":"","overlay-type":"","overlay-color":"","overlay-opacity":"","overlay-gradient":""},"tablet":{"background-color":"","background-image":"","background-repeat":"repeat","background-position":"center center","background-size":"auto","background-attachment":"scroll","background-type":"","background-media":"","overlay-type":"","overlay-color":"","overlay-opacity":"","overlay-gradient":""},"mobile":{"background-color":"","background-image":"","background-repeat":"repeat","background-position":"center center","background-size":"auto","background-attachment":"scroll","background-type":"","background-media":"","overlay-type":"","overlay-color":"","overlay-opacity":"","overlay-gradient":""}},"ast-content-background-meta":{"desktop":{"background-color":"var(--ast-global-color-5)","background-image":"","background-repeat":"repeat","background-position":"center center","background-size":"auto","background-attachment":"scroll","background-type":"","background-media":"","overlay-type":"","overlay-color":"","overlay-opacity":"","overlay-gradient":""},"tablet":{"background-color":"var(--ast-global-color-5)","background-image":"","background-repeat":"repeat","background-position":"center center","background-size":"auto","background-attachment":"scroll","background-type":"","background-media":"","overlay-type":"","overlay-color":"","overlay-opacity":"","overlay-gradient":""},"mobile":{"background-color":"var(--ast-global-color-5)","background-image":"","background-repeat":"repeat","background-position":"center center","background-size":"auto","background-attachment":"scroll","background-type":"","background-media":"","overlay-type":"","overlay-color":"","overlay-opacity":"","overlay-gradient":""}},"footnotes":""},"categories":[10,11,12,13,14,15,108,109,110,133,1,4,5],"tags":[],"class_list":["post-20919","post","type-post","status-publish","format-standard","has-post-thumbnail","hentry","category-1r","category-2n","category-3r","category-4t","category-5e","category-6e","category-cicle-inicial","category-cicle-mitja","category-cicle-superior","category-escola-verda","category-general","category-portada","category-primaria"],"post_mailing_queue_ids":[],"_links":{"self":[{"href":"https:\/\/agora.xtec.cat\/ceipgaziel\/wp-json\/wp\/v2\/posts\/20919","targetHints":{"allow":["GET"]}}],"collection":[{"href":"https:\/\/agora.xtec.cat\/ceipgaziel\/wp-json\/wp\/v2\/posts"}],"about":[{"href":"https:\/\/agora.xtec.cat\/ceipgaziel\/wp-json\/wp\/v2\/types\/post"}],"author":[{"embeddable":true,"href":"https:\/\/agora.xtec.cat\/ceipgaziel\/wp-json\/wp\/v2\/users\/6"}],"replies":[{"embeddable":true,"href":"https:\/\/agora.xtec.cat\/ceipgaziel\/wp-json\/wp\/v2\/comments?post=20919"}],"version-history":[{"count":1,"href":"https:\/\/agora.xtec.cat\/ceipgaziel\/wp-json\/wp\/v2\/posts\/20919\/revisions"}],"predecessor-version":[{"id":20921,"href":"https:\/\/agora.xtec.cat\/ceipgaziel\/wp-json\/wp\/v2\/posts\/20919\/revisions\/20921"}],"wp:featuredmedia":[{"embeddable":true,"href":"https:\/\/agora.xtec.cat\/ceipgaziel\/wp-json\/wp\/v2\/media\/20920"}],"wp:attachment":[{"href":"https:\/\/agora.xtec.cat\/ceipgaziel\/wp-json\/wp\/v2\/media?parent=20919"}],"wp:term":[{"taxonomy":"category","embeddable":true,"href":"https:\/\/agora.xtec.cat\/ceipgaziel\/wp-json\/wp\/v2\/categories?post=20919"},{"taxonomy":"post_tag","embeddable":true,"href":"https:\/\/agora.xtec.cat\/ceipgaziel\/wp-json\/wp\/v2\/tags?post=20919"}],"curies":[{"name":"wp","href":"https:\/\/api.w.org\/{rel}","templated":true}]}}