{"id":20836,"date":"2025-04-11T16:08:07","date_gmt":"2025-04-11T14:08:07","guid":{"rendered":"https:\/\/agora.xtec.cat\/ceipgaziel\/?p=20836"},"modified":"2025-04-11T16:13:44","modified_gmt":"2025-04-11T14:13:44","slug":"5e-rodajoc-4t-a-sfg","status":"publish","type":"post","link":"https:\/\/agora.xtec.cat\/ceipgaziel\/general\/5e-rodajoc-4t-a-sfg\/","title":{"rendered":"5\u00e8 RODAJOC 4t a SFG"},"content":{"rendered":"\n<div class=\"wp-block-media-text is-stacked-on-mobile\"><figure class=\"wp-block-media-text__media\"><video controls src=\"https:\/\/agora.xtec.cat\/ceipgaziel\/wp-content\/uploads\/usu2100\/2025\/04\/WhatsApp-Video-2025-04-10-at-17.02.18.mp4\"><\/video><\/figure><div class=\"wp-block-media-text__content\">\n<p class=\"has-text-align-center\">Una edici\u00f3 especial del RODAJOC de 4t, 5 anys tirant endavant aquesta iniciativa. Aquest any amb la novetat de portar-lo a la zona de la platja i a la Barana de mar. <\/p>\n\n\n\n<p class=\"has-text-align-center\">Felicitats a tot l&#8217;alumnat @escola_ardenya @escolaestacio @gaziel @baldirireixach @cormariasstjosep i dinamitzat per l&#8217;alumnat del @institut_santfeliudeguixols. <\/p>\n\n\n\n<p class=\"has-text-align-center\">Agra\u00efr a l&#8217;\u00e0rea d&#8217;esports @guixols_ajuntament, al @sebaixempord\u00e0 i @cebbaixempord\u00e0 la seva col.laboraci\u00f3. <\/p>\n\n\n\n<p class=\"has-text-align-center\">El SEMINARI DEL RODAJOC de Sant Feliu de Gu\u00edxols MOLTES GR\u00c0CIES, continuem treballant en les pr\u00f2ximes trobades i activitats que dinamitzem al llarg del curs.<\/p>\n<\/div><\/div>\n\n\n\n<p>Us deixem l&#8217;entrevista de TV Costa Brava on expliquem una mica com funciona el RODAJOC: <a href=\"https:\/\/www.tvcostabrava.com\/joan-parareda\/societat\/educacio-\/el-5e-rodajoc-de-sant-feliu-de-guixols-celebra-el-dia-de-leducacio-fisica-al-carrer\">https:\/\/www.tvcostabrava.com\/joan-parareda\/societat\/educacio-\/el-5e-rodajoc-de-sant-feliu-de-guixols-celebra-el-dia-de-leducacio-fisica-al-carrer<\/a><\/p>\n\n\n\n<figure class=\"wp-block-embed is-type-video is-provider-youtube wp-block-embed-youtube wp-embed-aspect-16-9 wp-has-aspect-ratio\"><div class=\"wp-block-embed__wrapper\">\n<div class=\"ast-oembed-container \" style=\"height: 100%;\"><iframe loading=\"lazy\" title=\"El 5\u00e8 Rodajoc de Sant Feliu de Gu\u00edxols celebra el Dia de l&#039;Educaci\u00f3 F\u00edsica al carrer\" width=\"500\" height=\"281\" src=\"https:\/\/www.youtube.com\/embed\/mo4AShW8Vy0?feature=oembed\" frameborder=\"0\" allow=\"accelerometer; autoplay; clipboard-write; encrypted-media; gyroscope; picture-in-picture; web-share\" referrerpolicy=\"strict-origin-when-cross-origin\" allowfullscreen><\/iframe><\/div>\n<\/div><\/figure>\n","protected":false},"excerpt":{"rendered":"<p>Una edici\u00f3 especial del RODAJOC de 4t, 5 anys tirant endavant aquesta iniciativa. Aquest any amb la novetat de portar-lo [&hellip;]<\/p>\n","protected":false},"author":6,"featured_media":20838,"comment_status":"open","ping_status":"open","sticky":false,"template":"","format":"standard","meta":{"_bbp_topic_count":0,"_bbp_reply_count":0,"_bbp_total_topic_count":0,"_bbp_total_reply_count":0,"_bbp_voice_count":0,"_bbp_anonymous_reply_count":0,"_bbp_topic_count_hidden":0,"_bbp_reply_count_hidden":0,"_bbp_forum_subforum_count":0,"site-sidebar-layout":"default","site-content-layout":"","ast-site-content-layout":"default","site-content-style":"default","site-sidebar-style":"default","ast-global-header-display":"","ast-banner-title-visibility":"","ast-main-header-display":"","ast-hfb-above-header-display":"","ast-hfb-below-header-display":"","ast-hfb-mobile-header-display":"","site-post-title":"","ast-breadcrumbs-content":"","ast-featured-img":"","footer-sml-layout":"","theme-transparent-header-meta":"","adv-header-id-meta":"","stick-header-meta":"","header-above-stick-meta":"","header-main-stick-meta":"","header-below-stick-meta":"","astra-migrate-meta-layouts":"set","ast-page-background-enabled":"default","ast-page-background-meta":{"desktop":{"background-color":"var(--ast-global-color-4)","background-image":"","background-repeat":"repeat","background-position":"center center","background-size":"auto","background-attachment":"scroll","background-type":"","background-media":"","overlay-type":"","overlay-color":"","overlay-opacity":"","overlay-gradient":""},"tablet":{"background-color":"","background-image":"","background-repeat":"repeat","background-position":"center center","background-size":"auto","background-attachment":"scroll","background-type":"","background-media":"","overlay-type":"","overlay-color":"","overlay-opacity":"","overlay-gradient":""},"mobile":{"background-color":"","background-image":"","background-repeat":"repeat","background-position":"center center","background-size":"auto","background-attachment":"scroll","background-type":"","background-media":"","overlay-type":"","overlay-color":"","overlay-opacity":"","overlay-gradient":""}},"ast-content-background-meta":{"desktop":{"background-color":"var(--ast-global-color-5)","background-image":"","background-repeat":"repeat","background-position":"center center","background-size":"auto","background-attachment":"scroll","background-type":"","background-media":"","overlay-type":"","overlay-color":"","overlay-opacity":"","overlay-gradient":""},"tablet":{"background-color":"var(--ast-global-color-5)","background-image":"","background-repeat":"repeat","background-position":"center center","background-size":"auto","background-attachment":"scroll","background-type":"","background-media":"","overlay-type":"","overlay-color":"","overlay-opacity":"","overlay-gradient":""},"mobile":{"background-color":"var(--ast-global-color-5)","background-image":"","background-repeat":"repeat","background-position":"center center","background-size":"auto","background-attachment":"scroll","background-type":"","background-media":"","overlay-type":"","overlay-color":"","overlay-opacity":"","overlay-gradient":""}},"footnotes":""},"categories":[13,109,1,132,4,5],"tags":[],"class_list":["post-20836","post","type-post","status-publish","format-standard","has-post-thumbnail","hentry","category-4t","category-cicle-mitja","category-general","category-pla-catala-de-lesport","category-portada","category-primaria"],"post_mailing_queue_ids":[],"_links":{"self":[{"href":"https:\/\/agora.xtec.cat\/ceipgaziel\/wp-json\/wp\/v2\/posts\/20836","targetHints":{"allow":["GET"]}}],"collection":[{"href":"https:\/\/agora.xtec.cat\/ceipgaziel\/wp-json\/wp\/v2\/posts"}],"about":[{"href":"https:\/\/agora.xtec.cat\/ceipgaziel\/wp-json\/wp\/v2\/types\/post"}],"author":[{"embeddable":true,"href":"https:\/\/agora.xtec.cat\/ceipgaziel\/wp-json\/wp\/v2\/users\/6"}],"replies":[{"embeddable":true,"href":"https:\/\/agora.xtec.cat\/ceipgaziel\/wp-json\/wp\/v2\/comments?post=20836"}],"version-history":[{"count":2,"href":"https:\/\/agora.xtec.cat\/ceipgaziel\/wp-json\/wp\/v2\/posts\/20836\/revisions"}],"predecessor-version":[{"id":20840,"href":"https:\/\/agora.xtec.cat\/ceipgaziel\/wp-json\/wp\/v2\/posts\/20836\/revisions\/20840"}],"wp:featuredmedia":[{"embeddable":true,"href":"https:\/\/agora.xtec.cat\/ceipgaziel\/wp-json\/wp\/v2\/media\/20838"}],"wp:attachment":[{"href":"https:\/\/agora.xtec.cat\/ceipgaziel\/wp-json\/wp\/v2\/media?parent=20836"}],"wp:term":[{"taxonomy":"category","embeddable":true,"href":"https:\/\/agora.xtec.cat\/ceipgaziel\/wp-json\/wp\/v2\/categories?post=20836"},{"taxonomy":"post_tag","embeddable":true,"href":"https:\/\/agora.xtec.cat\/ceipgaziel\/wp-json\/wp\/v2\/tags?post=20836"}],"curies":[{"name":"wp","href":"https:\/\/api.w.org\/{rel}","templated":true}]}}