{"id":20481,"date":"2024-11-29T15:41:05","date_gmt":"2024-11-29T14:41:05","guid":{"rendered":"https:\/\/agora.xtec.cat\/ceipgaziel\/?p=20481"},"modified":"2025-01-31T19:56:17","modified_gmt":"2025-01-31T18:56:17","slug":"cuidem-be-a-les-nostres-mascotes","status":"publish","type":"post","link":"https:\/\/agora.xtec.cat\/ceipgaziel\/general\/cuidem-be-a-les-nostres-mascotes\/","title":{"rendered":"Cuidem b\u00e9 a les nostres mascotes?"},"content":{"rendered":"<p>Als nenes i nens de primer i segon ens ha visitat la veterin\u00e0ria Marina Vilagran de la Cl\u00ednica Veterinariament per explicar-nos com hem de cuidar les nostres mascotes. <img decoding=\"async\" class=\"an1\" draggable=\"false\" src=\"https:\/\/fonts.gstatic.com\/s\/e\/notoemoji\/15.1\/1f436\/32.png\" alt=\"\ud83d\udc36\" data-emoji=\"\ud83d\udc36\" aria-label=\"\ud83d\udc36\" \/><img decoding=\"async\" class=\"an1\" draggable=\"false\" src=\"https:\/\/fonts.gstatic.com\/s\/e\/notoemoji\/15.1\/1f431\/32.png\" alt=\"\ud83d\udc31\" data-emoji=\"\ud83d\udc31\" aria-label=\"\ud83d\udc31\" \/><img decoding=\"async\" class=\"an1\" draggable=\"false\" src=\"https:\/\/fonts.gstatic.com\/s\/e\/notoemoji\/15.1\/1f439\/32.png\" alt=\"\ud83d\udc39\" data-emoji=\"\ud83d\udc39\" aria-label=\"\ud83d\udc39\" \/><\/p>\n<p><a href=\"https:\/\/agora.xtec.cat\/ceipgaziel\/wp-content\/uploads\/usu2100\/2024\/11\/1000058425.jpg\"><img loading=\"lazy\" decoding=\"async\" class=\"alignnone size-medium wp-image-20482\" src=\"https:\/\/agora.xtec.cat\/ceipgaziel\/wp-content\/uploads\/usu2100\/2024\/11\/1000058425-300x300.jpg\" alt=\"\" width=\"300\" height=\"300\" srcset=\"https:\/\/agora.xtec.cat\/ceipgaziel\/wp-content\/uploads\/usu2100\/2024\/11\/1000058425-300x300.jpg 300w, https:\/\/agora.xtec.cat\/ceipgaziel\/wp-content\/uploads\/usu2100\/2024\/11\/1000058425-1024x1024.jpg 1024w, https:\/\/agora.xtec.cat\/ceipgaziel\/wp-content\/uploads\/usu2100\/2024\/11\/1000058425-150x150.jpg 150w, https:\/\/agora.xtec.cat\/ceipgaziel\/wp-content\/uploads\/usu2100\/2024\/11\/1000058425-768x768.jpg 768w, https:\/\/agora.xtec.cat\/ceipgaziel\/wp-content\/uploads\/usu2100\/2024\/11\/1000058425.jpg 1080w\" sizes=\"auto, (max-width: 300px) 100vw, 300px\" \/><\/a><\/p>\n","protected":false},"excerpt":{"rendered":"<p>Als nenes i nens de primer i segon ens ha visitat la veterin\u00e0ria Marina Vilagran de la Cl\u00ednica Veterinariament per [&hellip;]<\/p>\n","protected":false},"author":32,"featured_media":0,"comment_status":"open","ping_status":"closed","sticky":false,"template":"","format":"standard","meta":{"_bbp_topic_count":0,"_bbp_reply_count":0,"_bbp_total_topic_count":0,"_bbp_total_reply_count":0,"_bbp_voice_count":0,"_bbp_anonymous_reply_count":0,"_bbp_topic_count_hidden":0,"_bbp_reply_count_hidden":0,"_bbp_forum_subforum_count":0,"site-sidebar-layout":"default","site-content-layout":"","ast-site-content-layout":"default","site-content-style":"default","site-sidebar-style":"default","ast-global-header-display":"","ast-banner-title-visibility":"","ast-main-header-display":"","ast-hfb-above-header-display":"","ast-hfb-below-header-display":"","ast-hfb-mobile-header-display":"","site-post-title":"","ast-breadcrumbs-content":"","ast-featured-img":"","footer-sml-layout":"","theme-transparent-header-meta":"","adv-header-id-meta":"","stick-header-meta":"","header-above-stick-meta":"","header-main-stick-meta":"","header-below-stick-meta":"","astra-migrate-meta-layouts":"set","ast-page-background-enabled":"default","ast-page-background-meta":{"desktop":{"background-color":"var(--ast-global-color-4)","background-image":"","background-repeat":"repeat","background-position":"center center","background-size":"auto","background-attachment":"scroll","background-type":"","background-media":"","overlay-type":"","overlay-color":"","overlay-opacity":"","overlay-gradient":""},"tablet":{"background-color":"","background-image":"","background-repeat":"repeat","background-position":"center center","background-size":"auto","background-attachment":"scroll","background-type":"","background-media":"","overlay-type":"","overlay-color":"","overlay-opacity":"","overlay-gradient":""},"mobile":{"background-color":"","background-image":"","background-repeat":"repeat","background-position":"center center","background-size":"auto","background-attachment":"scroll","background-type":"","background-media":"","overlay-type":"","overlay-color":"","overlay-opacity":"","overlay-gradient":""}},"ast-content-background-meta":{"desktop":{"background-color":"var(--ast-global-color-5)","background-image":"","background-repeat":"repeat","background-position":"center center","background-size":"auto","background-attachment":"scroll","background-type":"","background-media":"","overlay-type":"","overlay-color":"","overlay-opacity":"","overlay-gradient":""},"tablet":{"background-color":"var(--ast-global-color-5)","background-image":"","background-repeat":"repeat","background-position":"center center","background-size":"auto","background-attachment":"scroll","background-type":"","background-media":"","overlay-type":"","overlay-color":"","overlay-opacity":"","overlay-gradient":""},"mobile":{"background-color":"var(--ast-global-color-5)","background-image":"","background-repeat":"repeat","background-position":"center center","background-size":"auto","background-attachment":"scroll","background-type":"","background-media":"","overlay-type":"","overlay-color":"","overlay-opacity":"","overlay-gradient":""}},"footnotes":""},"categories":[10,11,108,133,1,4,5],"tags":[],"class_list":["post-20481","post","type-post","status-publish","format-standard","hentry","category-1r","category-2n","category-cicle-inicial","category-escola-verda","category-general","category-portada","category-primaria"],"post_mailing_queue_ids":[],"_links":{"self":[{"href":"https:\/\/agora.xtec.cat\/ceipgaziel\/wp-json\/wp\/v2\/posts\/20481","targetHints":{"allow":["GET"]}}],"collection":[{"href":"https:\/\/agora.xtec.cat\/ceipgaziel\/wp-json\/wp\/v2\/posts"}],"about":[{"href":"https:\/\/agora.xtec.cat\/ceipgaziel\/wp-json\/wp\/v2\/types\/post"}],"author":[{"embeddable":true,"href":"https:\/\/agora.xtec.cat\/ceipgaziel\/wp-json\/wp\/v2\/users\/32"}],"replies":[{"embeddable":true,"href":"https:\/\/agora.xtec.cat\/ceipgaziel\/wp-json\/wp\/v2\/comments?post=20481"}],"version-history":[{"count":2,"href":"https:\/\/agora.xtec.cat\/ceipgaziel\/wp-json\/wp\/v2\/posts\/20481\/revisions"}],"predecessor-version":[{"id":20633,"href":"https:\/\/agora.xtec.cat\/ceipgaziel\/wp-json\/wp\/v2\/posts\/20481\/revisions\/20633"}],"wp:attachment":[{"href":"https:\/\/agora.xtec.cat\/ceipgaziel\/wp-json\/wp\/v2\/media?parent=20481"}],"wp:term":[{"taxonomy":"category","embeddable":true,"href":"https:\/\/agora.xtec.cat\/ceipgaziel\/wp-json\/wp\/v2\/categories?post=20481"},{"taxonomy":"post_tag","embeddable":true,"href":"https:\/\/agora.xtec.cat\/ceipgaziel\/wp-json\/wp\/v2\/tags?post=20481"}],"curies":[{"name":"wp","href":"https:\/\/api.w.org\/{rel}","templated":true}]}}