{"id":20337,"date":"2024-06-16T23:32:08","date_gmt":"2024-06-16T21:32:08","guid":{"rendered":"https:\/\/agora.xtec.cat\/ceipgaziel\/?p=20337"},"modified":"2024-06-16T23:34:07","modified_gmt":"2024-06-16T21:34:07","slug":"setmana-interdisciplinar-els-jocs-olimpics","status":"publish","type":"post","link":"https:\/\/agora.xtec.cat\/ceipgaziel\/general\/setmana-interdisciplinar-els-jocs-olimpics\/","title":{"rendered":"SETMANA INTERDISCIPLINAR: ELS JOCS OL\u00cdMPICS"},"content":{"rendered":"<p>Us escrivim un petit resum de la nostra setmana a l&#8217;escola del 10 al 14 de juny , QUINA SETMANA M\u00c9S MOGUDA, <strong>la SETMANA INTERDISCIPLINAR<\/strong>, on hem treballat, jugat, estudiat, experimentat i gaudit de <strong>LES OL\u00cdMPIADES, <\/strong>cinc jornades plenes d&#8217;experi\u00e8ncies<strong>. COMENCEM.<\/strong><\/p>\n<p style=\"text-align: center;\"><em><strong>*Dilluns, 10 de juny:<\/strong><\/em><\/p>\n<p>El dilluns vam treballar a les aules una mica la hist\u00f2ria dels JOCS OL\u00cdMPICS, d&#8217;on s\u00f3n originaris, perqu\u00e8 es van crear, perqu\u00e8 s&#8217;han mantingut en el temps&#8230; i moltes curiositats m\u00e9s que ens han sorpr\u00e8s.<\/p>\n<p style=\"text-align: center;\">Un cop hem conegut l&#8217;origen d&#8217;aquest esdeveniment esportiu tan important ens hem posat a con\u00e8ixer el <strong>PA\u00cdS QUE CADA CLASSE REPRESENTA:<\/strong><\/p>\n<table class=\"aligncenter\" dir=\"ltr\" style=\"width: 21.6314%; height: 432px;\" border=\"1\" cellspacing=\"0\" cellpadding=\"0\" data-sheets-root=\"1\">\n<colgroup>\n<col width=\"169\" \/>\n<col width=\"184\" \/><\/colgroup>\n<tbody>\n<tr style=\"height: 32px;\">\n<td style=\"text-align: center; height: 32px;\" data-sheets-value=\"{&quot;1&quot;:2,&quot;2&quot;:&quot;i3+i4&quot;}\">i3+i4<\/td>\n<td style=\"text-align: center; height: 32px;\" data-sheets-value=\"{&quot;1&quot;:2,&quot;2&quot;:&quot;CUBA&quot;}\">CUBA<\/td>\n<\/tr>\n<tr style=\"height: 32px;\">\n<td style=\"text-align: center; height: 32px;\" data-sheets-value=\"{&quot;1&quot;:2,&quot;2&quot;:&quot;I5&quot;}\">I5<\/td>\n<td style=\"text-align: center; height: 32px;\" data-sheets-value=\"{&quot;1&quot;:2,&quot;2&quot;:&quot;JAP\u00d3&quot;}\">JAP\u00d3<\/td>\n<\/tr>\n<tr style=\"height: 32px;\">\n<td style=\"text-align: center; height: 32px;\" data-sheets-value=\"{&quot;1&quot;:2,&quot;2&quot;:&quot;1A&quot;}\">1A<\/td>\n<td style=\"text-align: center; height: 32px;\" data-sheets-value=\"{&quot;1&quot;:2,&quot;2&quot;:&quot;GR\u00c8CIA&quot;}\">GR\u00c8CIA<\/td>\n<\/tr>\n<tr style=\"height: 32px;\">\n<td style=\"text-align: center; height: 32px;\" data-sheets-value=\"{&quot;1&quot;:2,&quot;2&quot;:&quot;1B&quot;}\">1B<\/td>\n<td style=\"text-align: center; height: 32px;\" data-sheets-value=\"{&quot;1&quot;:2,&quot;2&quot;:&quot;PER\u00da&quot;}\">PER\u00da<\/td>\n<\/tr>\n<tr style=\"height: 32px;\">\n<td style=\"text-align: center; height: 32px;\" data-sheets-value=\"{&quot;1&quot;:2,&quot;2&quot;:&quot;2A&quot;}\">2A<\/td>\n<td style=\"text-align: center; height: 32px;\" data-sheets-value=\"{&quot;1&quot;:2,&quot;2&quot;:&quot;FILIPINES&quot;}\">FILIPINES<\/td>\n<\/tr>\n<tr style=\"height: 32px;\">\n<td style=\"text-align: center; height: 32px;\" data-sheets-value=\"{&quot;1&quot;:2,&quot;2&quot;:&quot;3A&quot;}\">3A<\/td>\n<td style=\"text-align: center; height: 32px;\" data-sheets-value=\"{&quot;1&quot;:2,&quot;2&quot;:&quot;ALEMANIA&quot;}\">ALEMANIA<\/td>\n<\/tr>\n<tr style=\"height: 32px;\">\n<td style=\"text-align: center; height: 32px;\" data-sheets-value=\"{&quot;1&quot;:2,&quot;2&quot;:&quot;3B&quot;}\">3B<\/td>\n<td style=\"text-align: center; height: 32px;\" data-sheets-value=\"{&quot;1&quot;:2,&quot;2&quot;:&quot;FRAN\u00c7A&quot;}\">FRAN\u00c7A<\/td>\n<\/tr>\n<tr style=\"height: 32px;\">\n<td style=\"text-align: center; height: 32px;\" data-sheets-value=\"{&quot;1&quot;:2,&quot;2&quot;:&quot;4A&quot;}\">4A<\/td>\n<td style=\"text-align: center; height: 32px;\" data-sheets-value=\"{&quot;1&quot;:2,&quot;2&quot;:&quot;MARROC&quot;}\">MARROC<\/td>\n<\/tr>\n<tr style=\"height: 32px;\">\n<td style=\"text-align: center; height: 32px;\" data-sheets-value=\"{&quot;1&quot;:2,&quot;2&quot;:&quot;4B&quot;}\">4B<\/td>\n<td style=\"text-align: center; height: 32px;\" data-sheets-value=\"{&quot;1&quot;:2,&quot;2&quot;:&quot;ARG\u00c8LIA&quot;}\">ARG\u00c8LIA<\/td>\n<\/tr>\n<tr style=\"height: 32px;\">\n<td style=\"text-align: center; height: 32px;\" data-sheets-value=\"{&quot;1&quot;:2,&quot;2&quot;:&quot;5A&quot;}\">5A<\/td>\n<td style=\"text-align: center; height: 32px;\" data-sheets-value=\"{&quot;1&quot;:2,&quot;2&quot;:&quot;KENIA&quot;}\">KENIA<\/td>\n<\/tr>\n<tr style=\"height: 32px;\">\n<td style=\"text-align: center; height: 32px;\" data-sheets-value=\"{&quot;1&quot;:2,&quot;2&quot;:&quot;5B&quot;}\">5B<\/td>\n<td style=\"text-align: center; height: 32px;\" data-sheets-value=\"{&quot;1&quot;:2,&quot;2&quot;:&quot;AUSTR\u00c0LIA&quot;}\">AUSTR\u00c0LIA<\/td>\n<\/tr>\n<tr style=\"height: 48px;\">\n<td style=\"text-align: center; height: 48px;\" data-sheets-value=\"{&quot;1&quot;:2,&quot;2&quot;:&quot;6A&quot;}\">6A<\/td>\n<td style=\"text-align: center; height: 48px;\" data-sheets-value=\"{&quot;1&quot;:2,&quot;2&quot;:&quot;NOVA ZELANDA&quot;}\">NOVA ZELANDA<\/td>\n<\/tr>\n<tr style=\"height: 32px;\">\n<td style=\"text-align: center; height: 32px;\" data-sheets-value=\"{&quot;1&quot;:2,&quot;2&quot;:&quot;6B&quot;}\">6B<\/td>\n<td style=\"text-align: center; height: 32px;\" data-sheets-value=\"{&quot;1&quot;:2,&quot;2&quot;:&quot;URUGUAI&quot;}\">URUGUAI<\/td>\n<\/tr>\n<\/tbody>\n<\/table>\n<p style=\"text-align: center;\">I a les 12h hem fet la nostra gran <strong>INAUGURACI\u00d3<\/strong>\u00a0 a l&#8217;escola:<\/p>\n<div class=\"ast-oembed-container \" style=\"height: 100%;\"><iframe loading=\"lazy\" title=\"ESCOLA GAZIEL-Inauguraci\u00f3 jocs ol\u00edmpics 2024-\" width=\"500\" height=\"281\" src=\"https:\/\/www.youtube.com\/embed\/VSSKgGKQuSQ?feature=oembed\" frameborder=\"0\" allow=\"accelerometer; autoplay; clipboard-write; encrypted-media; gyroscope; picture-in-picture; web-share\" referrerpolicy=\"strict-origin-when-cross-origin\" allowfullscreen><\/iframe><\/div>\n<p style=\"text-align: center;\">Us ha agradat? Continuem que nom\u00e9s \u00e9s un tastet del que ens espera.<\/p>\n<p style=\"text-align: center;\">Cliqueu la imatge i gaudiu d&#8217;algunes fotos de la nostra primera jornada.<\/p>\n<p><img loading=\"lazy\" decoding=\"async\" class=\"wp-image-20338 aligncenter\" src=\"https:\/\/agora.xtec.cat\/ceipgaziel\/wp-content\/uploads\/usu2100\/2024\/06\/IMG_7315-1024x768.jpg\" alt=\"\" width=\"409\" height=\"307\" srcset=\"https:\/\/agora.xtec.cat\/ceipgaziel\/wp-content\/uploads\/usu2100\/2024\/06\/IMG_7315-1024x768.jpg 1024w, https:\/\/agora.xtec.cat\/ceipgaziel\/wp-content\/uploads\/usu2100\/2024\/06\/IMG_7315-300x225.jpg 300w, https:\/\/agora.xtec.cat\/ceipgaziel\/wp-content\/uploads\/usu2100\/2024\/06\/IMG_7315-768x576.jpg 768w, https:\/\/agora.xtec.cat\/ceipgaziel\/wp-content\/uploads\/usu2100\/2024\/06\/IMG_7315-1536x1152.jpg 1536w, https:\/\/agora.xtec.cat\/ceipgaziel\/wp-content\/uploads\/usu2100\/2024\/06\/IMG_7315-2048x1536.jpg 2048w, https:\/\/agora.xtec.cat\/ceipgaziel\/wp-content\/uploads\/usu2100\/2024\/06\/IMG_7315-200x150.jpg 200w\" sizes=\"auto, (max-width: 409px) 100vw, 409px\" \/><\/p>\n<p style=\"text-align: center;\"><em><strong>*Dimarts, 11 de juny:<\/strong><\/em><\/p>\n<p>Avui a les aules hem treballat L&#8217;ESPERIT OL\u00cdMPIC, uns valors que massa sovint es perden pel cam\u00ed, a vegades \u00e9s necessari recordar-los en el m\u00f3n de l&#8217;esport.<\/p>\n<p>Hem estat practicant el ball de clausura, la HAKA i preparat les preguntes que farem el dimecres als esportistes del nostre entorn.<\/p>\n<p>I no ens deixem que l&#8217;alumnat de 3r ha gaudit d&#8217;una <strong>JORNADA DE B\u00c0SQUET AMB CADIRA DE RODES amb en CARLOS del <a href=\"https:\/\/www.mifas.cat\/ca\/\">GRUP MIFAS<\/a>, una experi\u00e8ncia molt enriquidora, gr\u00e0cies a les viv\u00e8ncies i reflexi\u00f3 del nostre protagonista.<\/strong><\/p>\n<p style=\"text-align: center;\">Cliqueu la imatge i gaudiu d&#8217;algunes fotos de la segona jornada<a href=\"https:\/\/photos.app.goo.gl\/QZzftTKxJfqQyU3n9\"><img loading=\"lazy\" decoding=\"async\" class=\"wp-image-20339 aligncenter\" src=\"https:\/\/agora.xtec.cat\/ceipgaziel\/wp-content\/uploads\/usu2100\/2024\/06\/IMG_7183-COLLAGE-768x1024.jpg\" alt=\"\" width=\"295\" height=\"393\" srcset=\"https:\/\/agora.xtec.cat\/ceipgaziel\/wp-content\/uploads\/usu2100\/2024\/06\/IMG_7183-COLLAGE-768x1024.jpg 768w, https:\/\/agora.xtec.cat\/ceipgaziel\/wp-content\/uploads\/usu2100\/2024\/06\/IMG_7183-COLLAGE-225x300.jpg 225w, https:\/\/agora.xtec.cat\/ceipgaziel\/wp-content\/uploads\/usu2100\/2024\/06\/IMG_7183-COLLAGE-1152x1536.jpg 1152w, https:\/\/agora.xtec.cat\/ceipgaziel\/wp-content\/uploads\/usu2100\/2024\/06\/IMG_7183-COLLAGE.jpg 1535w\" sizes=\"auto, (max-width: 295px) 100vw, 295px\" \/><\/a><em><strong>*Dimecres, 13 de juny:<\/strong><\/em><\/p>\n<p>Un mat\u00ed d&#8217;entrevistes amb diferents esportistes, entrenadors&#8230; que hem entrevistat:<\/p>\n<p>*Quim Costa, exjugador i entrenador de b\u00e0squet professional.<\/p>\n<p>*Jordi \u00cd\u00f1iguez, exentrenador de futbol femen\u00ed.<\/p>\n<p>*Lourdes Guti\u00e9rrez, exjugadora professional de handbol.<\/p>\n<p>*Jordi Cargol, regatista en actiu professionalment de Vela Adaptada.<\/p>\n<p>I l&#8217;alumnat de 1r ha gaudit d&#8217;una <strong>JORNADA DE LA GIMCANA DELS SENTIT organitzada per en CARLOS del <a href=\"https:\/\/www.mifas.cat\/ca\/\">GRUP MIFAS<\/a>, <\/strong>volta en cadira de rodes, dibuixar amb els peus&#8230; i unes quantes activitats m\u00e9s per experimentar diferents sensacions.<\/p>\n<p style=\"text-align: center;\">Cliqueu la imatge i gaudiu d&#8217;algunes fotos de la tercera jornada<\/p>\n<p style=\"text-align: center;\"><a href=\"https:\/\/photos.app.goo.gl\/WMdkYDAL2mLLt8tA9\"><img loading=\"lazy\" decoding=\"async\" class=\"alignnone wp-image-20341\" src=\"https:\/\/agora.xtec.cat\/ceipgaziel\/wp-content\/uploads\/usu2100\/2024\/06\/IMG_20240612_092305-COLLAGE-1024x1024.jpg\" alt=\"\" width=\"500\" height=\"500\" srcset=\"https:\/\/agora.xtec.cat\/ceipgaziel\/wp-content\/uploads\/usu2100\/2024\/06\/IMG_20240612_092305-COLLAGE-1024x1024.jpg 1024w, https:\/\/agora.xtec.cat\/ceipgaziel\/wp-content\/uploads\/usu2100\/2024\/06\/IMG_20240612_092305-COLLAGE-300x300.jpg 300w, https:\/\/agora.xtec.cat\/ceipgaziel\/wp-content\/uploads\/usu2100\/2024\/06\/IMG_20240612_092305-COLLAGE-150x150.jpg 150w, https:\/\/agora.xtec.cat\/ceipgaziel\/wp-content\/uploads\/usu2100\/2024\/06\/IMG_20240612_092305-COLLAGE-768x768.jpg 768w, https:\/\/agora.xtec.cat\/ceipgaziel\/wp-content\/uploads\/usu2100\/2024\/06\/IMG_20240612_092305-COLLAGE-1536x1536.jpg 1536w, https:\/\/agora.xtec.cat\/ceipgaziel\/wp-content\/uploads\/usu2100\/2024\/06\/IMG_20240612_092305-COLLAGE.jpg 2046w\" sizes=\"auto, (max-width: 500px) 100vw, 500px\" \/><\/a><\/p>\n<p style=\"text-align: center;\"><em><strong>*Dijous, 13 de juny:<\/strong><\/em><\/p>\n<p>Una jornada d&#8217;esports sense parar, 15 activitats esportives, 370 alumnes repartits en 15 grups barrejats de i3 a 6\u00e8. Participar, ajudar, animar i molta esportivitat s\u00f3n imatges s&#8217;han pogut veure entre els participants.<\/p>\n<p style=\"text-align: center;\">Cliqueu la imatge i gaudiu d&#8217;algunes fotos de la quarta jornada<\/p>\n<p style=\"text-align: center;\"><a href=\"https:\/\/photos.app.goo.gl\/6h193vc5CEtz8ho7A\"><img loading=\"lazy\" decoding=\"async\" class=\"alignnone wp-image-20342\" src=\"https:\/\/agora.xtec.cat\/ceipgaziel\/wp-content\/uploads\/usu2100\/2024\/06\/Beige-White-Minimalist-Pattern-Page-Border-Document-A4-Landscape-1024x724.jpg\" alt=\"\" width=\"555\" height=\"392\" srcset=\"https:\/\/agora.xtec.cat\/ceipgaziel\/wp-content\/uploads\/usu2100\/2024\/06\/Beige-White-Minimalist-Pattern-Page-Border-Document-A4-Landscape-1024x724.jpg 1024w, https:\/\/agora.xtec.cat\/ceipgaziel\/wp-content\/uploads\/usu2100\/2024\/06\/Beige-White-Minimalist-Pattern-Page-Border-Document-A4-Landscape-300x212.jpg 300w, https:\/\/agora.xtec.cat\/ceipgaziel\/wp-content\/uploads\/usu2100\/2024\/06\/Beige-White-Minimalist-Pattern-Page-Border-Document-A4-Landscape-768x543.jpg 768w, https:\/\/agora.xtec.cat\/ceipgaziel\/wp-content\/uploads\/usu2100\/2024\/06\/Beige-White-Minimalist-Pattern-Page-Border-Document-A4-Landscape.jpg 1500w\" sizes=\"auto, (max-width: 555px) 100vw, 555px\" \/><\/a><\/p>\n<p style=\"text-align: center;\">Una de les activitats ha estat un &#8220;PHOTOCALL&#8221;, on els nostres esportistes es feien les fotos com aut\u00e8ntics campions i campiones. Cliqueu la imatge i veureu.<\/p>\n<p style=\"text-align: center;\"><a href=\"https:\/\/photos.app.goo.gl\/59t8xZRCCiNCpyEr5\"><img loading=\"lazy\" decoding=\"async\" class=\"alignnone wp-image-20343\" src=\"https:\/\/agora.xtec.cat\/ceipgaziel\/wp-content\/uploads\/usu2100\/2024\/06\/Captura-2024-06-16-a-las-23.13.31.jpeg-1-725x1024.png\" alt=\"\" width=\"271\" height=\"383\" srcset=\"https:\/\/agora.xtec.cat\/ceipgaziel\/wp-content\/uploads\/usu2100\/2024\/06\/Captura-2024-06-16-a-las-23.13.31.jpeg-1-725x1024.png 725w, https:\/\/agora.xtec.cat\/ceipgaziel\/wp-content\/uploads\/usu2100\/2024\/06\/Captura-2024-06-16-a-las-23.13.31.jpeg-1-213x300.png 213w, https:\/\/agora.xtec.cat\/ceipgaziel\/wp-content\/uploads\/usu2100\/2024\/06\/Captura-2024-06-16-a-las-23.13.31.jpeg-1-768x1084.png 768w, https:\/\/agora.xtec.cat\/ceipgaziel\/wp-content\/uploads\/usu2100\/2024\/06\/Captura-2024-06-16-a-las-23.13.31.jpeg-1-1088x1536.png 1088w, https:\/\/agora.xtec.cat\/ceipgaziel\/wp-content\/uploads\/usu2100\/2024\/06\/Captura-2024-06-16-a-las-23.13.31.jpeg-1.png 1125w\" sizes=\"auto, (max-width: 271px) 100vw, 271px\" \/><\/a><\/p>\n<p style=\"text-align: center;\"><em><strong>*Divendres, 14 de juny:<\/strong><\/em><\/p>\n<p>\u00daltima jornada, les nostres mascotes, les nostres medalles i acabar de con\u00e8ixer una mica m\u00e9s sobre les Olimp\u00edades han estat les activitats que hem fet abans de la gran CLAUSURA dels NOSTRES JOCS OL\u00cdMPICS.<\/p>\n<p style=\"text-align: center;\">Cliqueu la imatge per veure les fotos<\/p>\n<p><a href=\"https:\/\/photos.app.goo.gl\/UEmZavvFy3Ct7ehZA\"><img loading=\"lazy\" decoding=\"async\" class=\" wp-image-20344\" src=\"https:\/\/agora.xtec.cat\/ceipgaziel\/wp-content\/uploads\/usu2100\/2024\/06\/IMG_20240614_105642-786x1024.jpg\" alt=\"\" width=\"261\" height=\"340\" srcset=\"https:\/\/agora.xtec.cat\/ceipgaziel\/wp-content\/uploads\/usu2100\/2024\/06\/IMG_20240614_105642-786x1024.jpg 786w, https:\/\/agora.xtec.cat\/ceipgaziel\/wp-content\/uploads\/usu2100\/2024\/06\/IMG_20240614_105642-230x300.jpg 230w, https:\/\/agora.xtec.cat\/ceipgaziel\/wp-content\/uploads\/usu2100\/2024\/06\/IMG_20240614_105642-768x1000.jpg 768w, https:\/\/agora.xtec.cat\/ceipgaziel\/wp-content\/uploads\/usu2100\/2024\/06\/IMG_20240614_105642-1179x1536.jpg 1179w, https:\/\/agora.xtec.cat\/ceipgaziel\/wp-content\/uploads\/usu2100\/2024\/06\/IMG_20240614_105642-1572x2048.jpg 1572w, https:\/\/agora.xtec.cat\/ceipgaziel\/wp-content\/uploads\/usu2100\/2024\/06\/IMG_20240614_105642-scaled.jpg 1965w\" sizes=\"auto, (max-width: 261px) 100vw, 261px\" \/><\/a><\/p>\n<p>&nbsp;<\/p>\n<p style=\"text-align: center;\">Encara no hem acabat, us deixem un petit muntatge de la NOSTRA CLAUSURA OL\u00cdMPICA, amb ball final incl\u00f3s.<\/p>\n<div class=\"ast-oembed-container \" style=\"height: 100%;\"><iframe loading=\"lazy\" title=\"ESCOLA GAZIEL-CLAUSURA Jocs Ol\u00edmpics-\" width=\"500\" height=\"281\" src=\"https:\/\/www.youtube.com\/embed\/UAvTAr1LHaY?feature=oembed\" frameborder=\"0\" allow=\"accelerometer; autoplay; clipboard-write; encrypted-media; gyroscope; picture-in-picture; web-share\" referrerpolicy=\"strict-origin-when-cross-origin\" allowfullscreen><\/iframe><\/div>\n<p style=\"text-align: center;\"><em><strong>ELS VALORS SEMPRE HAN D&#8217;ESTAR PRESENT EN EL M\u00d3N DE L&#8217;ESPORT, NO HO OBLIDEU!<\/strong><\/em><\/p>\n<p>&nbsp;<\/p>\n<p>&nbsp;<\/p>\n<p>&nbsp;<\/p>\n<p>&nbsp;<\/p>\n<p>&nbsp;<\/p>\n<p>&nbsp;<\/p>\n<p>&nbsp;<\/p>\n<p>&nbsp;<\/p>\n<p>&nbsp;<\/p>\n<p>&nbsp;<\/p>\n","protected":false},"excerpt":{"rendered":"<p>Us escrivim un petit resum de la nostra setmana a l&#8217;escola del 10 al 14 de juny , QUINA SETMANA [&hellip;]<\/p>\n","protected":false},"author":6,"featured_media":20338,"comment_status":"open","ping_status":"closed","sticky":false,"template":"","format":"standard","meta":{"_bbp_topic_count":0,"_bbp_reply_count":0,"_bbp_total_topic_count":0,"_bbp_total_reply_count":0,"_bbp_voice_count":0,"_bbp_anonymous_reply_count":0,"_bbp_topic_count_hidden":0,"_bbp_reply_count_hidden":0,"_bbp_forum_subforum_count":0,"site-sidebar-layout":"default","site-content-layout":"","ast-site-content-layout":"","site-content-style":"default","site-sidebar-style":"default","ast-global-header-display":"","ast-banner-title-visibility":"","ast-main-header-display":"","ast-hfb-above-header-display":"","ast-hfb-below-header-display":"","ast-hfb-mobile-header-display":"","site-post-title":"","ast-breadcrumbs-content":"","ast-featured-img":"","footer-sml-layout":"","theme-transparent-header-meta":"","adv-header-id-meta":"","stick-header-meta":"","header-above-stick-meta":"","header-main-stick-meta":"","header-below-stick-meta":"","astra-migrate-meta-layouts":"default","ast-page-background-enabled":"default","ast-page-background-meta":{"desktop":{"background-color":"var(--ast-global-color-4)","background-image":"","background-repeat":"repeat","background-position":"center center","background-size":"auto","background-attachment":"scroll","background-type":"","background-media":"","overlay-type":"","overlay-color":"","overlay-opacity":"","overlay-gradient":""},"tablet":{"background-color":"","background-image":"","background-repeat":"repeat","background-position":"center center","background-size":"auto","background-attachment":"scroll","background-type":"","background-media":"","overlay-type":"","overlay-color":"","overlay-opacity":"","overlay-gradient":""},"mobile":{"background-color":"","background-image":"","background-repeat":"repeat","background-position":"center center","background-size":"auto","background-attachment":"scroll","background-type":"","background-media":"","overlay-type":"","overlay-color":"","overlay-opacity":"","overlay-gradient":""}},"ast-content-background-meta":{"desktop":{"background-color":"var(--ast-global-color-5)","background-image":"","background-repeat":"repeat","background-position":"center center","background-size":"auto","background-attachment":"scroll","background-type":"","background-media":"","overlay-type":"","overlay-color":"","overlay-opacity":"","overlay-gradient":""},"tablet":{"background-color":"var(--ast-global-color-5)","background-image":"","background-repeat":"repeat","background-position":"center center","background-size":"auto","background-attachment":"scroll","background-type":"","background-media":"","overlay-type":"","overlay-color":"","overlay-opacity":"","overlay-gradient":""},"mobile":{"background-color":"var(--ast-global-color-5)","background-image":"","background-repeat":"repeat","background-position":"center center","background-size":"auto","background-attachment":"scroll","background-type":"","background-media":"","overlay-type":"","overlay-color":"","overlay-opacity":"","overlay-gradient":""}},"footnotes":""},"categories":[10,11,12,13,14,15,108,109,110,1,3,8,9,2,4,5],"tags":[],"class_list":["post-20337","post","type-post","status-publish","format-standard","has-post-thumbnail","hentry","category-1r","category-2n","category-3r","category-4t","category-5e","category-6e","category-cicle-inicial","category-cicle-mitja","category-cicle-superior","category-general","category-i3","category-i4","category-i5","category-infantil","category-portada","category-primaria"],"post_mailing_queue_ids":[],"_links":{"self":[{"href":"https:\/\/agora.xtec.cat\/ceipgaziel\/wp-json\/wp\/v2\/posts\/20337","targetHints":{"allow":["GET"]}}],"collection":[{"href":"https:\/\/agora.xtec.cat\/ceipgaziel\/wp-json\/wp\/v2\/posts"}],"about":[{"href":"https:\/\/agora.xtec.cat\/ceipgaziel\/wp-json\/wp\/v2\/types\/post"}],"author":[{"embeddable":true,"href":"https:\/\/agora.xtec.cat\/ceipgaziel\/wp-json\/wp\/v2\/users\/6"}],"replies":[{"embeddable":true,"href":"https:\/\/agora.xtec.cat\/ceipgaziel\/wp-json\/wp\/v2\/comments?post=20337"}],"version-history":[{"count":3,"href":"https:\/\/agora.xtec.cat\/ceipgaziel\/wp-json\/wp\/v2\/posts\/20337\/revisions"}],"predecessor-version":[{"id":20346,"href":"https:\/\/agora.xtec.cat\/ceipgaziel\/wp-json\/wp\/v2\/posts\/20337\/revisions\/20346"}],"wp:featuredmedia":[{"embeddable":true,"href":"https:\/\/agora.xtec.cat\/ceipgaziel\/wp-json\/wp\/v2\/media\/20338"}],"wp:attachment":[{"href":"https:\/\/agora.xtec.cat\/ceipgaziel\/wp-json\/wp\/v2\/media?parent=20337"}],"wp:term":[{"taxonomy":"category","embeddable":true,"href":"https:\/\/agora.xtec.cat\/ceipgaziel\/wp-json\/wp\/v2\/categories?post=20337"},{"taxonomy":"post_tag","embeddable":true,"href":"https:\/\/agora.xtec.cat\/ceipgaziel\/wp-json\/wp\/v2\/tags?post=20337"}],"curies":[{"name":"wp","href":"https:\/\/api.w.org\/{rel}","templated":true}]}}