{"id":20229,"date":"2026-04-23T15:11:58","date_gmt":"2026-04-23T13:11:58","guid":{"rendered":"https:\/\/agora.xtec.cat\/ceipgaziel\/?p=20229"},"modified":"2026-04-23T15:12:46","modified_gmt":"2026-04-23T13:12:46","slug":"preinscripcio","status":"publish","type":"post","link":"https:\/\/agora.xtec.cat\/ceipgaziel\/general\/preinscripcio\/","title":{"rendered":"PREINSCRIPCI\u00d3 2026-2027"},"content":{"rendered":"\n<p class=\"has-text-align-center\"><strong>Us anirem informant de tots els tr\u00e0mits a seguir en la <\/strong><\/p>\n\n\n\n<p class=\"has-text-align-center\"><strong>PREINSCRIPCI\u00d3 2026-2027<\/strong><\/p>\n\n\n\n<p class=\"has-text-align-center\">BAREM DEFINITIU<\/p>\n\n\n\n<div data-wp-interactive=\"core\/file\" class=\"wp-block-file\"><object data-wp-bind--hidden=\"!state.hasPdfPreview\" hidden class=\"wp-block-file__embed\" data=\"https:\/\/agora.xtec.cat\/ceipgaziel\/wp-content\/uploads\/usu2100\/2026\/04\/INFORME_BAREM_RESOLTES_BAREM.pdf\" type=\"application\/pdf\" style=\"width:100%;height:600px\" aria-label=\"Incrustaci\u00f3 del fitxer INFORME_BAREM_RESOLTES_BAREM.\"><\/object><a id=\"wp-block-file--media-0f7fd3e6-8e9d-4672-9028-d71b61c72b02\" href=\"https:\/\/agora.xtec.cat\/ceipgaziel\/wp-content\/uploads\/usu2100\/2026\/04\/INFORME_BAREM_RESOLTES_BAREM.pdf\">INFORME_BAREM_RESOLTES_BAREM<\/a><a href=\"https:\/\/agora.xtec.cat\/ceipgaziel\/wp-content\/uploads\/usu2100\/2026\/04\/INFORME_BAREM_RESOLTES_BAREM.pdf\" class=\"wp-block-file__button wp-element-button\" download aria-describedby=\"wp-block-file--media-0f7fd3e6-8e9d-4672-9028-d71b61c72b02\">Baixa<\/a><\/div>\n\n\n\n<p class=\"has-text-align-center\">Enlla\u00e7 a la preinscripci\u00f3 online:  <a href=\"https:\/\/tramits.gencat.cat\/ca\/tramits\/tramits-temes\/preinscripcio-obligatoris?category=\">https:\/\/tramits.gencat.cat\/ca\/tramits\/tramits-temes\/preinscripcio-obligatoris?category=<\/a><\/p>\n\n\n\n<figure class=\"wp-block-image size-large\"><a href=\"https:\/\/agora.xtec.cat\/ceipgaziel\/wp-content\/uploads\/usu2100\/2026\/02\/preinscirpcio.jpg\"><img loading=\"lazy\" decoding=\"async\" width=\"1024\" height=\"576\" src=\"https:\/\/agora.xtec.cat\/ceipgaziel\/wp-content\/uploads\/usu2100\/2026\/02\/preinscirpcio-1024x576.jpg\" alt=\"\" class=\"wp-image-21208\" srcset=\"https:\/\/agora.xtec.cat\/ceipgaziel\/wp-content\/uploads\/usu2100\/2026\/02\/preinscirpcio-1024x576.jpg 1024w, https:\/\/agora.xtec.cat\/ceipgaziel\/wp-content\/uploads\/usu2100\/2026\/02\/preinscirpcio-300x169.jpg 300w, https:\/\/agora.xtec.cat\/ceipgaziel\/wp-content\/uploads\/usu2100\/2026\/02\/preinscirpcio-768x432.jpg 768w, https:\/\/agora.xtec.cat\/ceipgaziel\/wp-content\/uploads\/usu2100\/2026\/02\/preinscirpcio-1536x864.jpg 1536w, https:\/\/agora.xtec.cat\/ceipgaziel\/wp-content\/uploads\/usu2100\/2026\/02\/preinscirpcio.jpg 1920w\" sizes=\"auto, (max-width: 1024px) 100vw, 1024px\" \/><\/a><\/figure>\n\n\n\n<p class=\"has-text-align-center\"><strong>OFERTA DE PLACES A L&#8217;ESCOLA GAZIEL<\/strong><\/p>\n\n\n\n<div data-wp-interactive=\"core\/file\" class=\"wp-block-file\"><object data-wp-bind--hidden=\"!state.hasPdfPreview\" hidden class=\"wp-block-file__embed\" data=\"https:\/\/agora.xtec.cat\/ceipgaziel\/wp-content\/uploads\/usu2100\/2026\/03\/INFORME_OFERTA_OME_INFORME_OFERTA-1.pdf\" type=\"application\/pdf\" style=\"width:100%;height:600px\" aria-label=\"Incrustaci\u00f3 del fitxer INFORME_OFERTA_OME_INFORME_OFERTA.\"><\/object><a id=\"wp-block-file--media-e1f5bee9-1916-473f-8339-c75951d85732\" href=\"https:\/\/agora.xtec.cat\/ceipgaziel\/wp-content\/uploads\/usu2100\/2026\/03\/INFORME_OFERTA_OME_INFORME_OFERTA-1.pdf\">INFORME_OFERTA_OME_INFORME_OFERTA<\/a><a href=\"https:\/\/agora.xtec.cat\/ceipgaziel\/wp-content\/uploads\/usu2100\/2026\/03\/INFORME_OFERTA_OME_INFORME_OFERTA-1.pdf\" class=\"wp-block-file__button wp-element-button\" download aria-describedby=\"wp-block-file--media-e1f5bee9-1916-473f-8339-c75951d85732\">Baixa<\/a><\/div>\n\n\n\n<h1 class=\"wp-block-heading\">LES PORTES OBERTES<\/h1>\n\n\n\n<p class=\"has-text-align-center\"><strong>seran els dijous, 19 de febrer i el 26 de febrer de 2026<\/strong><\/p>\n\n\n\n<p class=\"has-text-align-center\">Aqu\u00ed us anirem penjant els v\u00eddeos que us compartim a les&nbsp; XARXES SOCIALS perqu\u00e8 veieu que<\/p>\n\n\n\n<p class=\"has-text-align-center\"><strong>el ritme a la NOSTRA ESCOLA NO S&#8217;ATURA MAI:<\/strong><\/p>\n\n\n\n<figure class=\"wp-block-video\"><video controls src=\"https:\/\/agora.xtec.cat\/ceipgaziel\/wp-content\/uploads\/usu2100\/2025\/03\/Aprenem-amb-ritme.mp4\"><\/video><\/figure>\n\n\n\n<figure class=\"wp-block-video\"><video controls src=\"https:\/\/agora.xtec.cat\/ceipgaziel\/wp-content\/uploads\/usu2100\/2025\/03\/Diversitat-que-ens-uneix.mp4\"><\/video><\/figure>\n\n\n\n<figure class=\"wp-block-video\"><video controls src=\"https:\/\/agora.xtec.cat\/ceipgaziel\/wp-content\/uploads\/usu2100\/2025\/03\/Explorem-lhivern.mp4\"><\/video><\/figure>\n\n\n\n<figure class=\"wp-block-video\"><video controls src=\"https:\/\/agora.xtec.cat\/ceipgaziel\/wp-content\/uploads\/usu2100\/2026\/02\/les-mates-es-toquen_RRjqAzDr.mp4\"><\/video><\/figure>\n\n\n\n<p class=\"has-text-align-center\"><strong>PETITES ACTIVITATS DEL DIA A DIA DEL CURS PASSAT:<\/strong><\/p>\n\n\n\n<figure class=\"wp-block-video\"><video controls src=\"https:\/\/agora.xtec.cat\/ceipgaziel\/wp-content\/uploads\/usu2100\/2025\/03\/Vela.mp4\"><\/video><\/figure>\n\n\n\n<figure class=\"wp-block-video\"><video controls src=\"https:\/\/agora.xtec.cat\/ceipgaziel\/wp-content\/uploads\/usu2100\/2025\/03\/Robotica.mp4\"><\/video><\/figure>\n\n\n\n<figure class=\"wp-block-video\"><video controls src=\"https:\/\/agora.xtec.cat\/ceipgaziel\/wp-content\/uploads\/usu2100\/2025\/03\/Projecte-Arts.mp4\"><\/video><\/figure>\n\n\n\n<figure class=\"wp-block-video\"><video controls src=\"https:\/\/agora.xtec.cat\/ceipgaziel\/wp-content\/uploads\/usu2100\/2025\/03\/mates.mp4\"><\/video><\/figure>\n\n\n\n<figure class=\"wp-block-video\"><video controls src=\"https:\/\/agora.xtec.cat\/ceipgaziel\/wp-content\/uploads\/usu2100\/2025\/03\/La-Cobla.mp4\"><\/video><\/figure>\n\n\n\n<figure class=\"wp-block-video\"><video controls src=\"https:\/\/agora.xtec.cat\/ceipgaziel\/wp-content\/uploads\/usu2100\/2025\/03\/Frances-a-cicle-superior.mp4\"><\/video><\/figure>\n\n\n\n<figure class=\"wp-block-video\"><video controls src=\"https:\/\/agora.xtec.cat\/ceipgaziel\/wp-content\/uploads\/usu2100\/2025\/03\/Escola-Verda.mp4\"><\/video><\/figure>\n\n\n\n<figure class=\"wp-block-video\"><video controls src=\"https:\/\/agora.xtec.cat\/ceipgaziel\/wp-content\/uploads\/usu2100\/2025\/03\/English.mp4\"><\/video><\/figure>\n\n\n\n<figure class=\"wp-block-video\"><video controls src=\"https:\/\/agora.xtec.cat\/ceipgaziel\/wp-content\/uploads\/usu2100\/2025\/03\/Educacio-Fisica.mp4\"><\/video><\/figure>\n\n\n\n<figure class=\"wp-block-video\"><video controls src=\"https:\/\/agora.xtec.cat\/ceipgaziel\/wp-content\/uploads\/usu2100\/2025\/03\/Desendollats-el-pensament-computacional.mp4\"><\/video><\/figure>\n\n\n\n<figure class=\"wp-block-video\"><video controls src=\"https:\/\/agora.xtec.cat\/ceipgaziel\/wp-content\/uploads\/usu2100\/2025\/03\/Biblioteca.mp4\"><\/video><\/figure>\n\n\n\n<figure class=\"wp-block-video\"><video controls src=\"https:\/\/agora.xtec.cat\/ceipgaziel\/wp-content\/uploads\/usu2100\/2025\/03\/Audicio-i-llenguatge.mp4\"><\/video><\/figure>\n\n\n\n<p class=\"has-text-align-center\"><strong>SEMPRE ENDAVANT FAM\u00cdLIES!<\/strong><\/p>\n\n\n\n<p class=\"has-text-align-center\"><em>CLICA LA IMATGE PER ANAR A LA INFORMACI\u00d3 DE LA&nbsp; PREINSCRIPCI\u00d3 26\/27<\/em><\/p>\n\n\n\n<figure class=\"wp-block-image\"><a href=\"https:\/\/preinscripcio.gencat.cat\/ca\/inici\/\"><img loading=\"lazy\" decoding=\"async\" width=\"746\" height=\"376\" src=\"https:\/\/agora.xtec.cat\/ceipgaziel\/wp-content\/uploads\/usu2100\/2025\/03\/preinscripcio-baner-home-primaria-2026-27.png\" alt=\"\" class=\"wp-image-21174\" srcset=\"https:\/\/agora.xtec.cat\/ceipgaziel\/wp-content\/uploads\/usu2100\/2025\/03\/preinscripcio-baner-home-primaria-2026-27.png 746w, https:\/\/agora.xtec.cat\/ceipgaziel\/wp-content\/uploads\/usu2100\/2025\/03\/preinscripcio-baner-home-primaria-2026-27-300x151.png 300w\" sizes=\"auto, (max-width: 746px) 100vw, 746px\" \/><\/a><\/figure>\n\n\n\n<p class=\"has-text-align-center\"><\/p>\n","protected":false},"excerpt":{"rendered":"<p>Us anirem informant de tots els tr\u00e0mits a seguir en la PREINSCRIPCI\u00d3 2026-2027 BAREM DEFINITIU Enlla\u00e7 a la preinscripci\u00f3 online: [&hellip;]<\/p>\n","protected":false},"author":6,"featured_media":21208,"comment_status":"open","ping_status":"closed","sticky":true,"template":"","format":"standard","meta":{"_bbp_topic_count":0,"_bbp_reply_count":0,"_bbp_total_topic_count":0,"_bbp_total_reply_count":0,"_bbp_voice_count":0,"_bbp_anonymous_reply_count":0,"_bbp_topic_count_hidden":0,"_bbp_reply_count_hidden":0,"_bbp_forum_subforum_count":0,"site-sidebar-layout":"default","site-content-layout":"","ast-site-content-layout":"default","site-content-style":"default","site-sidebar-style":"default","ast-global-header-display":"","ast-banner-title-visibility":"","ast-main-header-display":"","ast-hfb-above-header-display":"","ast-hfb-below-header-display":"","ast-hfb-mobile-header-display":"","site-post-title":"","ast-breadcrumbs-content":"","ast-featured-img":"","footer-sml-layout":"","theme-transparent-header-meta":"default","adv-header-id-meta":"","stick-header-meta":"","header-above-stick-meta":"","header-main-stick-meta":"","header-below-stick-meta":"","astra-migrate-meta-layouts":"set","ast-page-background-enabled":"default","ast-page-background-meta":{"desktop":{"background-color":"var(--ast-global-color-4)","background-image":"","background-repeat":"repeat","background-position":"center center","background-size":"auto","background-attachment":"scroll","background-type":"","background-media":"","overlay-type":"","overlay-color":"","overlay-opacity":"","overlay-gradient":""},"tablet":{"background-color":"","background-image":"","background-repeat":"repeat","background-position":"center center","background-size":"auto","background-attachment":"scroll","background-type":"","background-media":"","overlay-type":"","overlay-color":"","overlay-opacity":"","overlay-gradient":""},"mobile":{"background-color":"","background-image":"","background-repeat":"repeat","background-position":"center center","background-size":"auto","background-attachment":"scroll","background-type":"","background-media":"","overlay-type":"","overlay-color":"","overlay-opacity":"","overlay-gradient":""}},"ast-content-background-meta":{"desktop":{"background-color":"var(--ast-global-color-5)","background-image":"","background-repeat":"repeat","background-position":"center center","background-size":"auto","background-attachment":"scroll","background-type":"","background-media":"","overlay-type":"","overlay-color":"","overlay-opacity":"","overlay-gradient":""},"tablet":{"background-color":"var(--ast-global-color-5)","background-image":"","background-repeat":"repeat","background-position":"center center","background-size":"auto","background-attachment":"scroll","background-type":"","background-media":"","overlay-type":"","overlay-color":"","overlay-opacity":"","overlay-gradient":""},"mobile":{"background-color":"var(--ast-global-color-5)","background-image":"","background-repeat":"repeat","background-position":"center center","background-size":"auto","background-attachment":"scroll","background-type":"","background-media":"","overlay-type":"","overlay-color":"","overlay-opacity":"","overlay-gradient":""}},"footnotes":""},"categories":[114,1,4],"tags":[],"class_list":["post-20229","post","type-post","status-publish","format-standard","has-post-thumbnail","hentry","category-ampa","category-general","category-portada"],"post_mailing_queue_ids":[],"_links":{"self":[{"href":"https:\/\/agora.xtec.cat\/ceipgaziel\/wp-json\/wp\/v2\/posts\/20229","targetHints":{"allow":["GET"]}}],"collection":[{"href":"https:\/\/agora.xtec.cat\/ceipgaziel\/wp-json\/wp\/v2\/posts"}],"about":[{"href":"https:\/\/agora.xtec.cat\/ceipgaziel\/wp-json\/wp\/v2\/types\/post"}],"author":[{"embeddable":true,"href":"https:\/\/agora.xtec.cat\/ceipgaziel\/wp-json\/wp\/v2\/users\/6"}],"replies":[{"embeddable":true,"href":"https:\/\/agora.xtec.cat\/ceipgaziel\/wp-json\/wp\/v2\/comments?post=20229"}],"version-history":[{"count":6,"href":"https:\/\/agora.xtec.cat\/ceipgaziel\/wp-json\/wp\/v2\/posts\/20229\/revisions"}],"predecessor-version":[{"id":21228,"href":"https:\/\/agora.xtec.cat\/ceipgaziel\/wp-json\/wp\/v2\/posts\/20229\/revisions\/21228"}],"wp:featuredmedia":[{"embeddable":true,"href":"https:\/\/agora.xtec.cat\/ceipgaziel\/wp-json\/wp\/v2\/media\/21208"}],"wp:attachment":[{"href":"https:\/\/agora.xtec.cat\/ceipgaziel\/wp-json\/wp\/v2\/media?parent=20229"}],"wp:term":[{"taxonomy":"category","embeddable":true,"href":"https:\/\/agora.xtec.cat\/ceipgaziel\/wp-json\/wp\/v2\/categories?post=20229"},{"taxonomy":"post_tag","embeddable":true,"href":"https:\/\/agora.xtec.cat\/ceipgaziel\/wp-json\/wp\/v2\/tags?post=20229"}],"curies":[{"name":"wp","href":"https:\/\/api.w.org\/{rel}","templated":true}]}}