{"id":19769,"date":"2022-11-08T14:41:36","date_gmt":"2022-11-08T13:41:36","guid":{"rendered":"https:\/\/agora.xtec.cat\/ceipgaziel\/?p=19769"},"modified":"2025-01-31T19:42:35","modified_gmt":"2025-01-31T18:42:35","slug":"comite-ambiental-escola-verda","status":"publish","type":"post","link":"https:\/\/agora.xtec.cat\/ceipgaziel\/general\/comite-ambiental-escola-verda\/","title":{"rendered":"COMIT\u00c9 AMBIENTAL-escola verda-"},"content":{"rendered":"<p>El dimarts, 8 de novembre el\u00a0 comit\u00e9 ambiental de l&#8217;escola hem fet\u00a0 una sortida a la <strong>Gola del Ter\u00a0<\/strong>que s&#8217;emmarca dins del projecte com\u00fa d&#8217;escoles verdes del Baix Empord\u00e0.<\/p>\n<p>Hem fet una <strong>petita ruta per la zona<\/strong> on ens han explicat el projecte de senyalitzaci\u00f3 de cartells per tenir cura d&#8217;aquest entorn, <strong>la nostra escola treballar\u00e0 les dunes<\/strong>.<\/p>\n<p>Hem fet diferents activitats:<\/p>\n<p>* Hem creat una duna i quins element s\u00f3n els que ajuden a la seva fixaci\u00f3.<\/p>\n<p>*Hem parlat i representat els quatre problemes de la desaparici\u00f3 de les dunes: l&#8217;erosi\u00f3, el canvi clim\u00e0tic, les plantes invasores i la massificaci\u00f3 de persones.<\/p>\n<p>Ha estat tota una experi\u00e8ncia gaudir d&#8217;aquest <strong>entorn privilegiat.<\/strong><\/p>\n<p style=\"text-align: center;\">Cliqueu la imatge i us en fareu una idea<\/p>\n<p><a href=\"https:\/\/photos.app.goo.gl\/dYD8uGdYrjDyqLCV7\"><img loading=\"lazy\" decoding=\"async\" class=\"wp-image-19770 aligncenter\" src=\"https:\/\/agora.xtec.cat\/ceipgaziel\/wp-content\/uploads\/usu2100\/2022\/11\/IMG_9056-2-1024x768.jpg\" alt=\"\" width=\"620\" height=\"466\" srcset=\"https:\/\/agora.xtec.cat\/ceipgaziel\/wp-content\/uploads\/usu2100\/2022\/11\/IMG_9056-2-1024x768.jpg 1024w, https:\/\/agora.xtec.cat\/ceipgaziel\/wp-content\/uploads\/usu2100\/2022\/11\/IMG_9056-2-300x225.jpg 300w, https:\/\/agora.xtec.cat\/ceipgaziel\/wp-content\/uploads\/usu2100\/2022\/11\/IMG_9056-2-768x576.jpg 768w, https:\/\/agora.xtec.cat\/ceipgaziel\/wp-content\/uploads\/usu2100\/2022\/11\/IMG_9056-2-1536x1152.jpg 1536w, https:\/\/agora.xtec.cat\/ceipgaziel\/wp-content\/uploads\/usu2100\/2022\/11\/IMG_9056-2-2048x1536.jpg 2048w, https:\/\/agora.xtec.cat\/ceipgaziel\/wp-content\/uploads\/usu2100\/2022\/11\/IMG_9056-2-200x150.jpg 200w\" sizes=\"auto, (max-width: 620px) 100vw, 620px\" \/><\/a><\/p>\n","protected":false},"excerpt":{"rendered":"<p>El dimarts, 8 de novembre el\u00a0 comit\u00e9 ambiental de l&#8217;escola hem fet\u00a0 una sortida a la Gola del Ter\u00a0que s&#8217;emmarca [&hellip;]<\/p>\n","protected":false},"author":6,"featured_media":19770,"comment_status":"open","ping_status":"closed","sticky":false,"template":"","format":"standard","meta":{"_bbp_topic_count":0,"_bbp_reply_count":0,"_bbp_total_topic_count":0,"_bbp_total_reply_count":0,"_bbp_voice_count":0,"_bbp_anonymous_reply_count":0,"_bbp_topic_count_hidden":0,"_bbp_reply_count_hidden":0,"_bbp_forum_subforum_count":0,"site-sidebar-layout":"default","site-content-layout":"","ast-site-content-layout":"default","site-content-style":"default","site-sidebar-style":"default","ast-global-header-display":"","ast-banner-title-visibility":"","ast-main-header-display":"","ast-hfb-above-header-display":"","ast-hfb-below-header-display":"","ast-hfb-mobile-header-display":"","site-post-title":"","ast-breadcrumbs-content":"","ast-featured-img":"","footer-sml-layout":"","theme-transparent-header-meta":"","adv-header-id-meta":"","stick-header-meta":"","header-above-stick-meta":"","header-main-stick-meta":"","header-below-stick-meta":"","astra-migrate-meta-layouts":"set","ast-page-background-enabled":"default","ast-page-background-meta":{"desktop":{"background-color":"var(--ast-global-color-4)","background-image":"","background-repeat":"repeat","background-position":"center center","background-size":"auto","background-attachment":"scroll","background-type":"","background-media":"","overlay-type":"","overlay-color":"","overlay-opacity":"","overlay-gradient":""},"tablet":{"background-color":"","background-image":"","background-repeat":"repeat","background-position":"center center","background-size":"auto","background-attachment":"scroll","background-type":"","background-media":"","overlay-type":"","overlay-color":"","overlay-opacity":"","overlay-gradient":""},"mobile":{"background-color":"","background-image":"","background-repeat":"repeat","background-position":"center center","background-size":"auto","background-attachment":"scroll","background-type":"","background-media":"","overlay-type":"","overlay-color":"","overlay-opacity":"","overlay-gradient":""}},"ast-content-background-meta":{"desktop":{"background-color":"var(--ast-global-color-5)","background-image":"","background-repeat":"repeat","background-position":"center center","background-size":"auto","background-attachment":"scroll","background-type":"","background-media":"","overlay-type":"","overlay-color":"","overlay-opacity":"","overlay-gradient":""},"tablet":{"background-color":"var(--ast-global-color-5)","background-image":"","background-repeat":"repeat","background-position":"center center","background-size":"auto","background-attachment":"scroll","background-type":"","background-media":"","overlay-type":"","overlay-color":"","overlay-opacity":"","overlay-gradient":""},"mobile":{"background-color":"var(--ast-global-color-5)","background-image":"","background-repeat":"repeat","background-position":"center center","background-size":"auto","background-attachment":"scroll","background-type":"","background-media":"","overlay-type":"","overlay-color":"","overlay-opacity":"","overlay-gradient":""}},"footnotes":""},"categories":[133,1,4,5],"tags":[],"class_list":["post-19769","post","type-post","status-publish","format-standard","has-post-thumbnail","hentry","category-escola-verda","category-general","category-portada","category-primaria"],"post_mailing_queue_ids":[],"_links":{"self":[{"href":"https:\/\/agora.xtec.cat\/ceipgaziel\/wp-json\/wp\/v2\/posts\/19769","targetHints":{"allow":["GET"]}}],"collection":[{"href":"https:\/\/agora.xtec.cat\/ceipgaziel\/wp-json\/wp\/v2\/posts"}],"about":[{"href":"https:\/\/agora.xtec.cat\/ceipgaziel\/wp-json\/wp\/v2\/types\/post"}],"author":[{"embeddable":true,"href":"https:\/\/agora.xtec.cat\/ceipgaziel\/wp-json\/wp\/v2\/users\/6"}],"replies":[{"embeddable":true,"href":"https:\/\/agora.xtec.cat\/ceipgaziel\/wp-json\/wp\/v2\/comments?post=19769"}],"version-history":[{"count":3,"href":"https:\/\/agora.xtec.cat\/ceipgaziel\/wp-json\/wp\/v2\/posts\/19769\/revisions"}],"predecessor-version":[{"id":20613,"href":"https:\/\/agora.xtec.cat\/ceipgaziel\/wp-json\/wp\/v2\/posts\/19769\/revisions\/20613"}],"wp:featuredmedia":[{"embeddable":true,"href":"https:\/\/agora.xtec.cat\/ceipgaziel\/wp-json\/wp\/v2\/media\/19770"}],"wp:attachment":[{"href":"https:\/\/agora.xtec.cat\/ceipgaziel\/wp-json\/wp\/v2\/media?parent=19769"}],"wp:term":[{"taxonomy":"category","embeddable":true,"href":"https:\/\/agora.xtec.cat\/ceipgaziel\/wp-json\/wp\/v2\/categories?post=19769"},{"taxonomy":"post_tag","embeddable":true,"href":"https:\/\/agora.xtec.cat\/ceipgaziel\/wp-json\/wp\/v2\/tags?post=19769"}],"curies":[{"name":"wp","href":"https:\/\/api.w.org\/{rel}","templated":true}]}}