{"id":11109,"date":"2026-04-29T13:54:40","date_gmt":"2026-04-29T11:54:40","guid":{"rendered":"https:\/\/agora.xtec.cat\/ceipgarciacabanes\/?p=11109"},"modified":"2026-04-29T13:54:40","modified_gmt":"2026-04-29T11:54:40","slug":"ajuts-individuals-de-menjador","status":"publish","type":"post","link":"https:\/\/agora.xtec.cat\/ceipgarciacabanes\/general\/ajuts-individuals-de-menjador\/","title":{"rendered":"AJUTS INDIVIDUALS DE MENJADOR"},"content":{"rendered":"<p><a href=\"https:\/\/www.baixebre.cat\/arees-dactuacio\/ensenyament-cultura-joventut-i-esports\/ensenyament\/ajuts-de-menjador-20232024\">ENLLA\u00c7 A LA P\u00c0GINA DEL CONSELL COMARCAL<\/a><\/p>\n<p>Presentaci\u00f3 de sol\u00b7licituds: <strong>de l&#8217;1 al 31 de maig de 2026.<\/strong><\/p>\n<p>El tr\u00e0mit es podr\u00e0 fer telem\u00e0ticament, a trav\u00e9s de la\u00a0<a href=\"https:\/\/baixebre.eadministracio.cat\/\">Seu electr\u00f2nica del Consell Comarcal del Baix Ebre<\/a><\/p>\n<p>Assessorament i suport a les fam\u00edlies del centre:<strong> 19 de maig de 9 a 14h a la biblioteca de l&#8217;escola\u00a0<\/strong><\/p>\n<p><a href=\"https:\/\/www.baixebre.cat\/sites\/default\/files\/pagina\/1845\/documents\/bases_aim_curs_2025-2026.pdf\">Bases reguladores<\/a><\/p>\n","protected":false},"excerpt":{"rendered":"<p><a href=\"https:\/\/www.baixebre.cat\/arees-dactuacio\/ensenyament-cultura-joventut-i-esports\/ensenyament\/ajuts-de-menjador-20232024\">ENLLA\u00c7 A LA P\u00c0GINA DEL CONSELL COMARCAL<\/a><br \/>\nPresentaci\u00f3 de sol\u00b7licituds: de l&#8217;1 al 31 de maig de 2026.<br \/>\nEl tr\u00e0mit es podr\u00e0 fer telem\u00e0ticament, a trav\u00e9s de la\u00a0<a href=\"https:\/\/baixebre.eadministracio.cat\/\">Seu electr\u00f2nica del Consell Comarcal del Baix Ebre<\/a><br \/>\nAssessorament i suport a les fam\u00edlies del centre: 19 de maig&hellip;  <a href=\"https:\/\/agora.xtec.cat\/ceipgarciacabanes\/general\/ajuts-individuals-de-menjador\/\" title=\"Read AJUTS INDIVIDUALS DE MENJADOR\">Llegeix m\u00e9s\u00bb<\/a><\/p>\n","protected":false},"author":46,"featured_media":11110,"comment_status":"open","ping_status":"open","sticky":false,"template":"","format":"standard","meta":{"_bbp_topic_count":0,"_bbp_reply_count":0,"_bbp_total_topic_count":0,"_bbp_total_reply_count":0,"_bbp_voice_count":0,"_bbp_anonymous_reply_count":0,"_bbp_topic_count_hidden":0,"_bbp_reply_count_hidden":0,"_bbp_forum_subforum_count":0,"footnotes":""},"categories":[1],"tags":[],"class_list":["post-11109","post","type-post","status-publish","format-standard","has-post-thumbnail","hentry","category-general"],"post_mailing_queue_ids":[],"_links":{"self":[{"href":"https:\/\/agora.xtec.cat\/ceipgarciacabanes\/wp-json\/wp\/v2\/posts\/11109","targetHints":{"allow":["GET"]}}],"collection":[{"href":"https:\/\/agora.xtec.cat\/ceipgarciacabanes\/wp-json\/wp\/v2\/posts"}],"about":[{"href":"https:\/\/agora.xtec.cat\/ceipgarciacabanes\/wp-json\/wp\/v2\/types\/post"}],"author":[{"embeddable":true,"href":"https:\/\/agora.xtec.cat\/ceipgarciacabanes\/wp-json\/wp\/v2\/users\/46"}],"replies":[{"embeddable":true,"href":"https:\/\/agora.xtec.cat\/ceipgarciacabanes\/wp-json\/wp\/v2\/comments?post=11109"}],"version-history":[{"count":1,"href":"https:\/\/agora.xtec.cat\/ceipgarciacabanes\/wp-json\/wp\/v2\/posts\/11109\/revisions"}],"predecessor-version":[{"id":11111,"href":"https:\/\/agora.xtec.cat\/ceipgarciacabanes\/wp-json\/wp\/v2\/posts\/11109\/revisions\/11111"}],"wp:featuredmedia":[{"embeddable":true,"href":"https:\/\/agora.xtec.cat\/ceipgarciacabanes\/wp-json\/wp\/v2\/media\/11110"}],"wp:attachment":[{"href":"https:\/\/agora.xtec.cat\/ceipgarciacabanes\/wp-json\/wp\/v2\/media?parent=11109"}],"wp:term":[{"taxonomy":"category","embeddable":true,"href":"https:\/\/agora.xtec.cat\/ceipgarciacabanes\/wp-json\/wp\/v2\/categories?post=11109"},{"taxonomy":"post_tag","embeddable":true,"href":"https:\/\/agora.xtec.cat\/ceipgarciacabanes\/wp-json\/wp\/v2\/tags?post=11109"}],"curies":[{"name":"wp","href":"https:\/\/api.w.org\/{rel}","templated":true}]}}