{"id":931,"date":"2018-01-23T23:13:00","date_gmt":"2018-01-23T22:13:00","guid":{"rendered":"http:\/\/agora.xtec.cat\/ceipfredericgodas\/?p=931"},"modified":"2018-01-31T22:45:41","modified_gmt":"2018-01-31T21:45:41","slug":"lliurament-de-diplomes-i-premis-als-participants-i-als-guanyadors-del-primer-concurs-familiar-despantaocells","status":"publish","type":"post","link":"https:\/\/agora.xtec.cat\/ceipfredericgodas\/portada\/lliurament-de-diplomes-i-premis-als-participants-i-als-guanyadors-del-primer-concurs-familiar-despantaocells\/","title":{"rendered":"LLIURAMENT DE DIPLOMES I PREMIS ALS PARTICIPANTS I ALS GUANYADORS DEL PRIMER CONCURS FAMILIAR D\u2019ESPANTAOCELLS."},"content":{"rendered":"<p style=\"text-align: justify;\"><a href=\"http:\/\/agora.xtec.cat\/ceipfredericgodas\/wp-content\/uploads\/usu165\/2018\/01\/ESPANTAOCELLS-GUANYADORS-e1516745495940.jpg\"><img loading=\"lazy\" decoding=\"async\" class=\"size-full wp-image-935 aligncenter\" src=\"http:\/\/agora.xtec.cat\/ceipfredericgodas\/wp-content\/uploads\/usu165\/2018\/01\/ESPANTAOCELLS-GUANYADORS-e1516745495940.jpg\" alt=\"\" width=\"480\" height=\"639\" srcset=\"https:\/\/agora.xtec.cat\/ceipfredericgodas\/wp-content\/uploads\/usu165\/2018\/01\/ESPANTAOCELLS-GUANYADORS-e1516745495940.jpg 480w, https:\/\/agora.xtec.cat\/ceipfredericgodas\/wp-content\/uploads\/usu165\/2018\/01\/ESPANTAOCELLS-GUANYADORS-e1516745495940-225x300.jpg 225w\" sizes=\"auto, (max-width: 480px) 100vw, 480px\" \/><\/a><\/p>\n<p style=\"text-align: justify;\">Aquest any s\u2019ha convocat el primer concurs familiar d\u2019espantaocells. La idea va sortir arran de la problem\u00e0tica que tenim amb els ocells i les plantes de l\u2019hort. La coordinadora ambiental, la Sra. Tesa Corbella, va proposar a la direcci\u00f3 del centre la idea de convocar un concurs de tipus familiar on pares, mares i fills elaboressin i presentessin els seus espantaocells de manera volunt\u00e0ria.<\/p>\n<p style=\"text-align: justify;\">En tornar de les vacances de Nadal es van presentar 17 espantaocells d\u2019una gran qualitat art\u00edstica. Tot l\u2019alumnat va votar des de P3 a sis\u00e8. Van resultar guanyadors tres espantaocells que col\u00b7locarem curosament al nostre hort.<\/p>\n<p style=\"text-align: justify;\">El dilluns dia 22 es va procedir al lliurament de premis.<\/p>\n<p style=\"text-align: justify;\"><a href=\"http:\/\/agora.xtec.cat\/ceipfredericgodas\/wp-content\/uploads\/usu165\/2018\/01\/ESPANTAOCELLS2.jpg\"><img loading=\"lazy\" decoding=\"async\" class=\"wp-image-933 aligncenter\" src=\"http:\/\/agora.xtec.cat\/ceipfredericgodas\/wp-content\/uploads\/usu165\/2018\/01\/ESPANTAOCELLS2-1024x767.jpg\" alt=\"\" width=\"400\" height=\"300\" srcset=\"https:\/\/agora.xtec.cat\/ceipfredericgodas\/wp-content\/uploads\/usu165\/2018\/01\/ESPANTAOCELLS2-1024x767.jpg 1024w, https:\/\/agora.xtec.cat\/ceipfredericgodas\/wp-content\/uploads\/usu165\/2018\/01\/ESPANTAOCELLS2-300x225.jpg 300w, https:\/\/agora.xtec.cat\/ceipfredericgodas\/wp-content\/uploads\/usu165\/2018\/01\/ESPANTAOCELLS2-768x575.jpg 768w, https:\/\/agora.xtec.cat\/ceipfredericgodas\/wp-content\/uploads\/usu165\/2018\/01\/ESPANTAOCELLS2-200x150.jpg 200w, https:\/\/agora.xtec.cat\/ceipfredericgodas\/wp-content\/uploads\/usu165\/2018\/01\/ESPANTAOCELLS2.jpg 1089w\" sizes=\"auto, (max-width: 400px) 100vw, 400px\" \/><\/a><\/p>\n<p style=\"text-align: center;\">N\u00daMERO 8: Roger i Gerard Estela Call (2nA\/5\u00e8A)<\/p>\n<p style=\"text-align: center;\"><a href=\"http:\/\/agora.xtec.cat\/ceipfredericgodas\/wp-content\/uploads\/usu165\/2018\/01\/ESPANTAOCELLS1.jpg\"><img loading=\"lazy\" decoding=\"async\" class=\"alignnone wp-image-932\" src=\"http:\/\/agora.xtec.cat\/ceipfredericgodas\/wp-content\/uploads\/usu165\/2018\/01\/ESPANTAOCELLS1-1024x768.jpg\" alt=\"\" width=\"400\" height=\"300\" srcset=\"https:\/\/agora.xtec.cat\/ceipfredericgodas\/wp-content\/uploads\/usu165\/2018\/01\/ESPANTAOCELLS1-1024x768.jpg 1024w, https:\/\/agora.xtec.cat\/ceipfredericgodas\/wp-content\/uploads\/usu165\/2018\/01\/ESPANTAOCELLS1-300x225.jpg 300w, https:\/\/agora.xtec.cat\/ceipfredericgodas\/wp-content\/uploads\/usu165\/2018\/01\/ESPANTAOCELLS1-768x576.jpg 768w, https:\/\/agora.xtec.cat\/ceipfredericgodas\/wp-content\/uploads\/usu165\/2018\/01\/ESPANTAOCELLS1-200x150.jpg 200w, https:\/\/agora.xtec.cat\/ceipfredericgodas\/wp-content\/uploads\/usu165\/2018\/01\/ESPANTAOCELLS1.jpg 1235w\" sizes=\"auto, (max-width: 400px) 100vw, 400px\" \/><\/a><\/p>\n<p style=\"text-align: center;\">N\u00daMERO 12: Jon D\u00edaz Jordan (5\u00e8 B)<\/p>\n<p style=\"text-align: center;\"><a href=\"http:\/\/agora.xtec.cat\/ceipfredericgodas\/wp-content\/uploads\/usu165\/2018\/01\/ESPANTAOCELLS3.jpg\"><img loading=\"lazy\" decoding=\"async\" class=\"alignnone wp-image-934\" src=\"http:\/\/agora.xtec.cat\/ceipfredericgodas\/wp-content\/uploads\/usu165\/2018\/01\/ESPANTAOCELLS3-768x1024.jpg\" alt=\"\" width=\"401\" height=\"535\" srcset=\"https:\/\/agora.xtec.cat\/ceipfredericgodas\/wp-content\/uploads\/usu165\/2018\/01\/ESPANTAOCELLS3-768x1024.jpg 768w, https:\/\/agora.xtec.cat\/ceipfredericgodas\/wp-content\/uploads\/usu165\/2018\/01\/ESPANTAOCELLS3-225x300.jpg 225w, https:\/\/agora.xtec.cat\/ceipfredericgodas\/wp-content\/uploads\/usu165\/2018\/01\/ESPANTAOCELLS3.jpg 851w\" sizes=\"auto, (max-width: 401px) 100vw, 401px\" \/><\/a><\/p>\n<p style=\"text-align: center;\">Acc\u00e8ssit N\u00daMERO.16 : Ivanna Ladinnic (P3)<\/p>\n<p style=\"text-align: center;\"><strong>GR\u00c0CIES A TOTS\/ES PER LA VOSTRA PARTICIPACI\u00d3!<\/strong><\/p>\n","protected":false},"excerpt":{"rendered":"<p>Aquest any s\u2019ha convocat el primer concurs familiar d\u2019espantaocells.&hellip;  <a href=\"https:\/\/agora.xtec.cat\/ceipfredericgodas\/portada\/lliurament-de-diplomes-i-premis-als-participants-i-als-guanyadors-del-primer-concurs-familiar-despantaocells\/\" title=\"Read LLIURAMENT DE DIPLOMES I PREMIS ALS PARTICIPANTS I ALS GUANYADORS DEL PRIMER CONCURS FAMILIAR D\u2019ESPANTAOCELLS.\">Llegeix m\u00e9s\u00bb<\/a><\/p>\n","protected":false},"author":4,"featured_media":935,"comment_status":"closed","ping_status":"closed","sticky":false,"template":"","format":"standard","meta":{"_bbp_topic_count":0,"_bbp_reply_count":0,"_bbp_total_topic_count":0,"_bbp_total_reply_count":0,"_bbp_voice_count":0,"_bbp_anonymous_reply_count":0,"_bbp_topic_count_hidden":0,"_bbp_reply_count_hidden":0,"_bbp_forum_subforum_count":0,"footnotes":""},"categories":[99,4],"tags":[100,115,103,26,112],"class_list":["post-931","post","type-post","status-publish","format-standard","has-post-thumbnail","hentry","category-agenda-21","category-portada","tag-agenda-21","tag-concurs-espantaocells","tag-curs-2017-18","tag-families","tag-hort"],"post_mailing_queue_ids":[],"_links":{"self":[{"href":"https:\/\/agora.xtec.cat\/ceipfredericgodas\/wp-json\/wp\/v2\/posts\/931","targetHints":{"allow":["GET"]}}],"collection":[{"href":"https:\/\/agora.xtec.cat\/ceipfredericgodas\/wp-json\/wp\/v2\/posts"}],"about":[{"href":"https:\/\/agora.xtec.cat\/ceipfredericgodas\/wp-json\/wp\/v2\/types\/post"}],"author":[{"embeddable":true,"href":"https:\/\/agora.xtec.cat\/ceipfredericgodas\/wp-json\/wp\/v2\/users\/4"}],"replies":[{"embeddable":true,"href":"https:\/\/agora.xtec.cat\/ceipfredericgodas\/wp-json\/wp\/v2\/comments?post=931"}],"version-history":[{"count":1,"href":"https:\/\/agora.xtec.cat\/ceipfredericgodas\/wp-json\/wp\/v2\/posts\/931\/revisions"}],"predecessor-version":[{"id":936,"href":"https:\/\/agora.xtec.cat\/ceipfredericgodas\/wp-json\/wp\/v2\/posts\/931\/revisions\/936"}],"wp:featuredmedia":[{"embeddable":true,"href":"https:\/\/agora.xtec.cat\/ceipfredericgodas\/wp-json\/wp\/v2\/media\/935"}],"wp:attachment":[{"href":"https:\/\/agora.xtec.cat\/ceipfredericgodas\/wp-json\/wp\/v2\/media?parent=931"}],"wp:term":[{"taxonomy":"category","embeddable":true,"href":"https:\/\/agora.xtec.cat\/ceipfredericgodas\/wp-json\/wp\/v2\/categories?post=931"},{"taxonomy":"post_tag","embeddable":true,"href":"https:\/\/agora.xtec.cat\/ceipfredericgodas\/wp-json\/wp\/v2\/tags?post=931"}],"curies":[{"name":"wp","href":"https:\/\/api.w.org\/{rel}","templated":true}]}}