{"id":1625,"date":"2017-04-05T14:02:49","date_gmt":"2017-04-05T12:02:49","guid":{"rendered":"http:\/\/agora.xtec.cat\/ceipfortiasola\/?p=1625"},"modified":"2017-04-05T15:48:04","modified_gmt":"2017-04-05T13:48:04","slug":"encetem-el-actes-de-sant-jordi-amb-xavier-llopart","status":"publish","type":"post","link":"https:\/\/agora.xtec.cat\/ceipfortiasola\/general\/encetem-el-actes-de-sant-jordi-amb-xavier-llopart\/","title":{"rendered":"Encetem les activitats de Sant Jordi amb Xavier Llopart"},"content":{"rendered":"<p><strong><u>XAVIER\u00a0 LLOPART \u00a0ENS PRESENTA \u201cl\u2019ORENETA DE MONT-SACER\u201d<\/u><\/strong><\/p>\n<p>Dilluns 3 d\u2019abril el periodista i documentalista giron\u00ed Xavier Llopart va presentar el seu primer llibre \u201c <strong>L\u2019oreneta de Mont-Sacer<\/strong>\u201d als alumnes de sis\u00e8 de l\u2019escola Dr. Forti\u00e0 Sol\u00e0 inaugurant aix\u00ed\u00a0\u00a0 els actes literaris que es realitzaran al llarg del mes d\u2019abril\u00a0 en motiu de la diada de St Jordi.<\/p>\n<p>La novel\u00b7la, publicada sota el segell de Tartaruga Edicions i que llegiran els alumnes de sis\u00e8, t\u00e9 com a eix un diari \u2013l\u2019Oreneta- que decideixen escriure els seus quatre protagonistes durant les vacances a la Bisbal de Falset (al llibre, Mont-Sacer). Llopart se serveix de les seves aventures per mesclar realitat i ficci\u00f3 (la Guerra Civil o un misteri de bruixeria) i reivindicar sobretot, els valors \u201cde l\u2019amistat i la solidaritat\u201d.<\/p>\n<p>Els alumnes estaven emocionats de tenir a l\u2019escola l\u2019autor de la novel\u00b7la que llegiran en breu i li van fer moltes \u00a0preguntes que l\u2019autor va contestar amablement.<\/p>\n<p>Va prometre tornar-nos a visitar a l\u2019escola un cop llegit el llibre per valorar l\u2019opini\u00f3 dels alumnes sobre ell i poder contestar a tots els \u00a0dubtes i inquietuds que es puguin generar sobre la mateixa.<\/p>\n<p>Ha estat una magn\u00edfica experi\u00e8ncia que de ben segur complir\u00e0 amb l\u2019objectiu de fomentar la lectura entre els nostres alumnes.<\/p>\n<p>&nbsp;<\/p>\n<p>&nbsp;<\/p>\n","protected":false},"excerpt":{"rendered":"<p>XAVIER\u00a0 LLOPART \u00a0ENS PRESENTA \u201cl\u2019ORENETA DE MONT-SACER\u201d Dilluns 3 d\u2019abril el periodista i documentalista giron\u00ed Xavier Llopart va presentar el seu primer llibre \u201c L\u2019oreneta de Mont-Sacer\u201d als alumnes de sis\u00e8 de l\u2019escola Dr. Forti\u00e0 Sol\u00e0 inaugurant aix\u00ed\u00a0\u00a0 els actes literaris que es realitzaran al llarg del mes d\u2019abril\u00a0 en motiu de la diada de [&hellip;]<\/p>\n","protected":false},"author":4,"featured_media":1626,"comment_status":"open","ping_status":"open","sticky":false,"template":"","format":"standard","meta":{"_bbp_topic_count":0,"_bbp_reply_count":0,"_bbp_total_topic_count":0,"_bbp_total_reply_count":0,"_bbp_voice_count":0,"_bbp_anonymous_reply_count":0,"_bbp_topic_count_hidden":0,"_bbp_reply_count_hidden":0,"_bbp_forum_subforum_count":0,"site-sidebar-layout":"default","site-content-layout":"","ast-site-content-layout":"","site-content-style":"default","site-sidebar-style":"default","ast-global-header-display":"","ast-banner-title-visibility":"","ast-main-header-display":"","ast-hfb-above-header-display":"","ast-hfb-below-header-display":"","ast-hfb-mobile-header-display":"","site-post-title":"","ast-breadcrumbs-content":"","ast-featured-img":"","footer-sml-layout":"","theme-transparent-header-meta":"","adv-header-id-meta":"","stick-header-meta":"","header-above-stick-meta":"","header-main-stick-meta":"","header-below-stick-meta":"","astra-migrate-meta-layouts":"default","ast-page-background-enabled":"default","ast-page-background-meta":{"desktop":{"background-color":"var(--ast-global-color-4)","background-image":"","background-repeat":"repeat","background-position":"center center","background-size":"auto","background-attachment":"scroll","background-type":"","background-media":"","overlay-type":"","overlay-color":"","overlay-opacity":"","overlay-gradient":""},"tablet":{"background-color":"","background-image":"","background-repeat":"repeat","background-position":"center center","background-size":"auto","background-attachment":"scroll","background-type":"","background-media":"","overlay-type":"","overlay-color":"","overlay-opacity":"","overlay-gradient":""},"mobile":{"background-color":"","background-image":"","background-repeat":"repeat","background-position":"center center","background-size":"auto","background-attachment":"scroll","background-type":"","background-media":"","overlay-type":"","overlay-color":"","overlay-opacity":"","overlay-gradient":""}},"ast-content-background-meta":{"desktop":{"background-color":"var(--ast-global-color-5)","background-image":"","background-repeat":"repeat","background-position":"center center","background-size":"auto","background-attachment":"scroll","background-type":"","background-media":"","overlay-type":"","overlay-color":"","overlay-opacity":"","overlay-gradient":""},"tablet":{"background-color":"var(--ast-global-color-5)","background-image":"","background-repeat":"repeat","background-position":"center center","background-size":"auto","background-attachment":"scroll","background-type":"","background-media":"","overlay-type":"","overlay-color":"","overlay-opacity":"","overlay-gradient":""},"mobile":{"background-color":"var(--ast-global-color-5)","background-image":"","background-repeat":"repeat","background-position":"center center","background-size":"auto","background-attachment":"scroll","background-type":"","background-media":"","overlay-type":"","overlay-color":"","overlay-opacity":"","overlay-gradient":""}},"footnotes":""},"categories":[15,1,4],"tags":[],"class_list":["post-1625","post","type-post","status-publish","format-standard","has-post-thumbnail","hentry","category-6e","category-general","category-portada"],"post_mailing_queue_ids":[],"_links":{"self":[{"href":"https:\/\/agora.xtec.cat\/ceipfortiasola\/wp-json\/wp\/v2\/posts\/1625","targetHints":{"allow":["GET"]}}],"collection":[{"href":"https:\/\/agora.xtec.cat\/ceipfortiasola\/wp-json\/wp\/v2\/posts"}],"about":[{"href":"https:\/\/agora.xtec.cat\/ceipfortiasola\/wp-json\/wp\/v2\/types\/post"}],"author":[{"embeddable":true,"href":"https:\/\/agora.xtec.cat\/ceipfortiasola\/wp-json\/wp\/v2\/users\/4"}],"replies":[{"embeddable":true,"href":"https:\/\/agora.xtec.cat\/ceipfortiasola\/wp-json\/wp\/v2\/comments?post=1625"}],"version-history":[{"count":2,"href":"https:\/\/agora.xtec.cat\/ceipfortiasola\/wp-json\/wp\/v2\/posts\/1625\/revisions"}],"predecessor-version":[{"id":1631,"href":"https:\/\/agora.xtec.cat\/ceipfortiasola\/wp-json\/wp\/v2\/posts\/1625\/revisions\/1631"}],"wp:featuredmedia":[{"embeddable":true,"href":"https:\/\/agora.xtec.cat\/ceipfortiasola\/wp-json\/wp\/v2\/media\/1626"}],"wp:attachment":[{"href":"https:\/\/agora.xtec.cat\/ceipfortiasola\/wp-json\/wp\/v2\/media?parent=1625"}],"wp:term":[{"taxonomy":"category","embeddable":true,"href":"https:\/\/agora.xtec.cat\/ceipfortiasola\/wp-json\/wp\/v2\/categories?post=1625"},{"taxonomy":"post_tag","embeddable":true,"href":"https:\/\/agora.xtec.cat\/ceipfortiasola\/wp-json\/wp\/v2\/tags?post=1625"}],"curies":[{"name":"wp","href":"https:\/\/api.w.org\/{rel}","templated":true}]}}