{"id":16953,"date":"2026-04-10T18:55:05","date_gmt":"2026-04-10T16:55:05","guid":{"rendered":"https:\/\/agora.xtec.cat\/ceipfontrosella\/?p=16953"},"modified":"2026-04-13T13:20:13","modified_gmt":"2026-04-13T11:20:13","slug":"els-alumnes-de-6e-gaudeixen-de-les-jornades-esportives","status":"publish","type":"post","link":"https:\/\/agora.xtec.cat\/ceipfontrosella\/general\/els-alumnes-de-6e-gaudeixen-de-les-jornades-esportives\/","title":{"rendered":"ELS ALUMNES DE 6\u00e8 GAUDEIXEN DE LES JORNADES ESPORTIVES"},"content":{"rendered":"\n<p>Avui, l\u2019alumnat de sis\u00e8 ha participat en les jornades esportives, una experi\u00e8ncia enriquidora que ens ha perm\u00e8s compartir esports i jocs amb altres escoles de la ciutat.<\/p>\n\n\n\n<p>Ha estat una jornada plena d\u2019energia, companyonia i diversi\u00f3, on l\u2019esport ha esdevingut una eina clau per aprendre i posar en pr\u00e0ctica valors com el respecte, l\u2019esfor\u00e7 i el treball en equip.<\/p>\n\n\n\n<p>Tot l\u2019alumnat ha gaudit molt de les activitats proposades i ha demostrat una actitud excel\u00b7lent durant tota la jornada.<\/p>\n\n\n\n<p>Felicitats a tots i totes per la vostra implicaci\u00f3 i entusiasme! Seguim creixent junts a trav\u00e9s de l\u2019esport i la conviv\u00e8ncia. Avui, sens dubte, hem guanyat tots! \ud83c\udfc3\ud83c\udffd\u200d\u2640\ufe0f\u200d\u27a1\ufe0f\u26bd\ufe0f\ud83c\udfd3\ud83e\udd38\ud83c\udffe\u200d\u2640\ufe0f\ud83e\udd3e\ud83c\udffe\u200d\u2642\ufe0f\ud83c\udfc6<\/p>\n\n\n\n<h1 class=\"wp-block-heading\">jornadesesportives #cooperaci\u00f3 #esports #escola #vincles #valors #conviv\u00e8ncia<\/h1>\n\n\n\n<figure class=\"wp-block-gallery has-nested-images columns-default is-cropped wp-block-gallery-1 is-layout-flex wp-block-gallery-is-layout-flex\">\n<figure class=\"wp-block-image size-large\"><a href=\"https:\/\/photos.app.goo.gl\/hcA9fGjduMfMacgr7\"><img loading=\"lazy\" decoding=\"async\" width=\"1024\" height=\"765\" data-id=\"16956\" src=\"https:\/\/agora.xtec.cat\/ceipfontrosella\/wp-content\/uploads\/usu43\/2026\/04\/PORTADA-1024x765.jpeg\" alt=\"\" class=\"wp-image-16956\" srcset=\"https:\/\/agora.xtec.cat\/ceipfontrosella\/wp-content\/uploads\/usu43\/2026\/04\/PORTADA-1024x765.jpeg 1024w, https:\/\/agora.xtec.cat\/ceipfontrosella\/wp-content\/uploads\/usu43\/2026\/04\/PORTADA-300x224.jpeg 300w, https:\/\/agora.xtec.cat\/ceipfontrosella\/wp-content\/uploads\/usu43\/2026\/04\/PORTADA-768x574.jpeg 768w, https:\/\/agora.xtec.cat\/ceipfontrosella\/wp-content\/uploads\/usu43\/2026\/04\/PORTADA-1536x1148.jpeg 1536w, https:\/\/agora.xtec.cat\/ceipfontrosella\/wp-content\/uploads\/usu43\/2026\/04\/PORTADA-200x150.jpeg 200w, https:\/\/agora.xtec.cat\/ceipfontrosella\/wp-content\/uploads\/usu43\/2026\/04\/PORTADA.jpeg 1600w\" sizes=\"auto, (max-width: 1024px) 100vw, 1024px\" \/><\/a><\/figure>\n<\/figure>\n","protected":false},"excerpt":{"rendered":"<p>Avui, l\u2019alumnat de sis\u00e8 ha participat en les jornades esportives, una experi\u00e8ncia enriquidora que ens ha perm\u00e8s compartir esports i jocs amb altres escoles de la ciutat.<\/p>\n<p>Ha estat una jornada plena d\u2019energia, companyonia i diversi\u00f3, on l\u2019esport ha esdevingut una eina clau per aprendre i&hellip;  <a href=\"https:\/\/agora.xtec.cat\/ceipfontrosella\/general\/els-alumnes-de-6e-gaudeixen-de-les-jornades-esportives\/\" title=\"Read ELS ALUMNES DE 6\u00e8 GAUDEIXEN DE LES JORNADES ESPORTIVES\">Llegeix m\u00e9s\u00bb<\/a><\/p>\n","protected":false},"author":97,"featured_media":0,"comment_status":"open","ping_status":"open","sticky":false,"template":"","format":"standard","meta":{"_bbp_topic_count":0,"_bbp_reply_count":0,"_bbp_total_topic_count":0,"_bbp_total_reply_count":0,"_bbp_voice_count":0,"_bbp_anonymous_reply_count":0,"_bbp_topic_count_hidden":0,"_bbp_reply_count_hidden":0,"_bbp_forum_subforum_count":0,"footnotes":""},"categories":[15,29,1,4,5],"tags":[],"class_list":["post-16953","post","type-post","status-publish","format-standard","hentry","category-6e","category-ef","category-general","category-portada","category-primaria"],"post_mailing_queue_ids":[],"_links":{"self":[{"href":"https:\/\/agora.xtec.cat\/ceipfontrosella\/wp-json\/wp\/v2\/posts\/16953","targetHints":{"allow":["GET"]}}],"collection":[{"href":"https:\/\/agora.xtec.cat\/ceipfontrosella\/wp-json\/wp\/v2\/posts"}],"about":[{"href":"https:\/\/agora.xtec.cat\/ceipfontrosella\/wp-json\/wp\/v2\/types\/post"}],"author":[{"embeddable":true,"href":"https:\/\/agora.xtec.cat\/ceipfontrosella\/wp-json\/wp\/v2\/users\/97"}],"replies":[{"embeddable":true,"href":"https:\/\/agora.xtec.cat\/ceipfontrosella\/wp-json\/wp\/v2\/comments?post=16953"}],"version-history":[{"count":1,"href":"https:\/\/agora.xtec.cat\/ceipfontrosella\/wp-json\/wp\/v2\/posts\/16953\/revisions"}],"predecessor-version":[{"id":16976,"href":"https:\/\/agora.xtec.cat\/ceipfontrosella\/wp-json\/wp\/v2\/posts\/16953\/revisions\/16976"}],"wp:attachment":[{"href":"https:\/\/agora.xtec.cat\/ceipfontrosella\/wp-json\/wp\/v2\/media?parent=16953"}],"wp:term":[{"taxonomy":"category","embeddable":true,"href":"https:\/\/agora.xtec.cat\/ceipfontrosella\/wp-json\/wp\/v2\/categories?post=16953"},{"taxonomy":"post_tag","embeddable":true,"href":"https:\/\/agora.xtec.cat\/ceipfontrosella\/wp-json\/wp\/v2\/tags?post=16953"}],"curies":[{"name":"wp","href":"https:\/\/api.w.org\/{rel}","templated":true}]}}