{"id":8915,"date":"2025-04-07T09:30:17","date_gmt":"2025-04-07T07:30:17","guid":{"rendered":"https:\/\/agora.xtec.cat\/ceipfmacia\/?p=8915"},"modified":"2025-04-07T10:37:31","modified_gmt":"2025-04-07T08:37:31","slug":"4t-aprenentatge-km0","status":"publish","type":"post","link":"https:\/\/agora.xtec.cat\/ceipfmacia\/portada\/4t-aprenentatge-km0\/","title":{"rendered":"4T- Aprenentatge km0"},"content":{"rendered":"<p>La setmana passada ens va visitar l\u2019artista Mariona Mill\u00e0, \u00e0via de la Carla Mar\u00e9s, per fer-nos con\u00e8ixer l\u2019interessant ART DEL RETRAT.<br \/>\nPrimer ens va fer una interessant xerrada als dos grups classe junts a la biblioteca, mostrant-nos molts exemples de retrats de diferents \u00e8poques hist\u00f2riques (pintats la majoria d\u2019ells per artistes coneguts). Vam obrir un debat per poder fer un munt d\u2019aportacions.<br \/>\nLa 2\u00aa part (cada grup per separat a la seva aula) va ser m\u00e9s pr\u00e0ctica i va estar centrada en fer un RETRAT DE LES TUTORES, la Marta i la Sara. Vam seguir les indicacions t\u00e8cniques explicades per la Mariona i&#8230; D\u00e9u n\u2019hi do! No ens va sortir pas malament&#8230;<br \/>\nSi \u00e9s que som uns petits grans ARTISTES!!!<\/p>\n<div class=\"ast-oembed-container \" style=\"height: 100%;\"><iframe loading=\"lazy\" title=\"4t- Aprenentatge Km 0\" width=\"500\" height=\"375\" src=\"https:\/\/www.youtube.com\/embed\/arg9Zu8k8aY?feature=oembed\" frameborder=\"0\" allow=\"accelerometer; autoplay; clipboard-write; encrypted-media; gyroscope; picture-in-picture; web-share\" referrerpolicy=\"strict-origin-when-cross-origin\" allowfullscreen><\/iframe><\/div>\n","protected":false},"excerpt":{"rendered":"<p>La setmana passada ens va visitar l\u2019artista Mariona Mill\u00e0, \u00e0via de la Carla Mar\u00e9s, per fer-nos con\u00e8ixer l\u2019interessant ART DEL RETRAT. Primer ens va fer una interessant xerrada als dos grups classe junts a la biblioteca, mostrant-nos molts exemples de retrats de diferents \u00e8poques hist\u00f2riques (pintats la majoria d\u2019ells per artistes coneguts). Vam obrir un [&hellip;]<\/p>\n","protected":false},"author":1,"featured_media":0,"comment_status":"open","ping_status":"closed","sticky":false,"template":"","format":"standard","meta":{"_bbp_topic_count":0,"_bbp_reply_count":0,"_bbp_total_topic_count":0,"_bbp_total_reply_count":0,"_bbp_voice_count":0,"_bbp_anonymous_reply_count":0,"_bbp_topic_count_hidden":0,"_bbp_reply_count_hidden":0,"_bbp_forum_subforum_count":0,"site-sidebar-layout":"default","site-content-layout":"","ast-site-content-layout":"","site-content-style":"default","site-sidebar-style":"default","ast-global-header-display":"","ast-banner-title-visibility":"","ast-main-header-display":"","ast-hfb-above-header-display":"","ast-hfb-below-header-display":"","ast-hfb-mobile-header-display":"","site-post-title":"","ast-breadcrumbs-content":"","ast-featured-img":"","footer-sml-layout":"","theme-transparent-header-meta":"","adv-header-id-meta":"","stick-header-meta":"","header-above-stick-meta":"","header-main-stick-meta":"","header-below-stick-meta":"","astra-migrate-meta-layouts":"default","ast-page-background-enabled":"default","ast-page-background-meta":{"desktop":{"background-color":"var(--ast-global-color-4)","background-image":"","background-repeat":"repeat","background-position":"center center","background-size":"auto","background-attachment":"scroll","background-type":"","background-media":"","overlay-type":"","overlay-color":"","overlay-opacity":"","overlay-gradient":""},"tablet":{"background-color":"","background-image":"","background-repeat":"repeat","background-position":"center center","background-size":"auto","background-attachment":"scroll","background-type":"","background-media":"","overlay-type":"","overlay-color":"","overlay-opacity":"","overlay-gradient":""},"mobile":{"background-color":"","background-image":"","background-repeat":"repeat","background-position":"center center","background-size":"auto","background-attachment":"scroll","background-type":"","background-media":"","overlay-type":"","overlay-color":"","overlay-opacity":"","overlay-gradient":""}},"ast-content-background-meta":{"desktop":{"background-color":"var(--ast-global-color-5)","background-image":"","background-repeat":"repeat","background-position":"center center","background-size":"auto","background-attachment":"scroll","background-type":"","background-media":"","overlay-type":"","overlay-color":"","overlay-opacity":"","overlay-gradient":""},"tablet":{"background-color":"var(--ast-global-color-5)","background-image":"","background-repeat":"repeat","background-position":"center center","background-size":"auto","background-attachment":"scroll","background-type":"","background-media":"","overlay-type":"","overlay-color":"","overlay-opacity":"","overlay-gradient":""},"mobile":{"background-color":"var(--ast-global-color-5)","background-image":"","background-repeat":"repeat","background-position":"center center","background-size":"auto","background-attachment":"scroll","background-type":"","background-media":"","overlay-type":"","overlay-color":"","overlay-opacity":"","overlay-gradient":""}},"footnotes":""},"categories":[58,4],"tags":[125,757,414,796,819,947],"class_list":["post-8915","post","type-post","status-publish","format-standard","hentry","category-cm","category-portada","tag-4t","tag-aprenentatge-km-0","tag-art","tag-artistes","tag-curs-24-25","tag-retrat"],"post_mailing_queue_ids":[],"_links":{"self":[{"href":"https:\/\/agora.xtec.cat\/ceipfmacia\/wp-json\/wp\/v2\/posts\/8915","targetHints":{"allow":["GET"]}}],"collection":[{"href":"https:\/\/agora.xtec.cat\/ceipfmacia\/wp-json\/wp\/v2\/posts"}],"about":[{"href":"https:\/\/agora.xtec.cat\/ceipfmacia\/wp-json\/wp\/v2\/types\/post"}],"author":[{"embeddable":true,"href":"https:\/\/agora.xtec.cat\/ceipfmacia\/wp-json\/wp\/v2\/users\/1"}],"replies":[{"embeddable":true,"href":"https:\/\/agora.xtec.cat\/ceipfmacia\/wp-json\/wp\/v2\/comments?post=8915"}],"version-history":[{"count":1,"href":"https:\/\/agora.xtec.cat\/ceipfmacia\/wp-json\/wp\/v2\/posts\/8915\/revisions"}],"predecessor-version":[{"id":8916,"href":"https:\/\/agora.xtec.cat\/ceipfmacia\/wp-json\/wp\/v2\/posts\/8915\/revisions\/8916"}],"wp:attachment":[{"href":"https:\/\/agora.xtec.cat\/ceipfmacia\/wp-json\/wp\/v2\/media?parent=8915"}],"wp:term":[{"taxonomy":"category","embeddable":true,"href":"https:\/\/agora.xtec.cat\/ceipfmacia\/wp-json\/wp\/v2\/categories?post=8915"},{"taxonomy":"post_tag","embeddable":true,"href":"https:\/\/agora.xtec.cat\/ceipfmacia\/wp-json\/wp\/v2\/tags?post=8915"}],"curies":[{"name":"wp","href":"https:\/\/api.w.org\/{rel}","templated":true}]}}