{"id":8521,"date":"2024-11-23T19:24:59","date_gmt":"2024-11-23T18:24:59","guid":{"rendered":"https:\/\/agora.xtec.cat\/ceipfmacia\/?p=8521"},"modified":"2024-11-23T19:24:59","modified_gmt":"2024-11-23T18:24:59","slug":"2ona-jornada-desmorzar-sense-residus","status":"publish","type":"post","link":"https:\/\/agora.xtec.cat\/ceipfmacia\/portada\/2ona-jornada-desmorzar-sense-residus\/","title":{"rendered":"2ona Jornada d\u00b4esmorzar sense residus"},"content":{"rendered":"<p><span style=\"font-weight: 400;\"><a href=\"https:\/\/agora.xtec.cat\/ceipfmacia\/wp-content\/uploads\/usu1402\/2024\/11\/Icona_escoles_verdes.jpg\"><img loading=\"lazy\" decoding=\"async\" class=\"wp-image-8522 alignright\" src=\"https:\/\/agora.xtec.cat\/ceipfmacia\/wp-content\/uploads\/usu1402\/2024\/11\/Icona_escoles_verdes.jpg\" alt=\"\" width=\"115\" height=\"115\" srcset=\"https:\/\/agora.xtec.cat\/ceipfmacia\/wp-content\/uploads\/usu1402\/2024\/11\/Icona_escoles_verdes.jpg 340w, https:\/\/agora.xtec.cat\/ceipfmacia\/wp-content\/uploads\/usu1402\/2024\/11\/Icona_escoles_verdes-300x300.jpg 300w, https:\/\/agora.xtec.cat\/ceipfmacia\/wp-content\/uploads\/usu1402\/2024\/11\/Icona_escoles_verdes-150x150.jpg 150w\" sizes=\"auto, (max-width: 115px) 100vw, 115px\" \/><\/a>En el marc de la Setmana Europea per la prevenci\u00f3 de residus, el passat dimarts 19 de novembre, vam realitzar a l\u2019escola, una segona jornada d\u2019esmorzars sense residus no compostables.<\/span><\/p>\n<p><span style=\"font-weight: 400;\">Els objectius de la mateixa van ser els seg\u00fcents:<\/span><\/p>\n<ul>\n<li><span style=\"font-weight: 400;\">Sensibilitzar al nostre alumnat sobre la prevenci\u00f3 de residus, trobar solucions a problemes reals i fomentar el pensament cr\u00edtic i la cooperativitat.<\/span><\/li>\n<li><span style=\"font-weight: 400;\">Omplir un registre on classificar i comptabilitzar els residus no compostables generats en l\u2019esmorzar.<\/span><\/li>\n<li><span style=\"font-weight: 400;\">Compartir resultats, per conscienciar-nos de la necessitat de no generar residus, reflexionar, parlar, i proposar idees i solucions.<\/span><\/li>\n<\/ul>\n<p><span style=\"font-weight: 400;\">En aquesta jornada hem comptabilitzat un total de 149 residus, classificats en:<\/span><\/p>\n<p><b>Pl\u00e0stics: 58\u00a0 \u00a0 \u00a0 \u00a0 \u00a0 \u00a0 \u00a0 \u00a0 \u00a0 \u00a0 \u00a0 \u00a0 Papers d\u2019alumini: 15\u00a0 \u00a0 \u00a0 \u00a0 \u00a0 \u00a0 \u00a0 \u00a0 \u00a0 \u00a0 \u00a0 Papers: 76<\/b><\/p>\n<p><span style=\"font-weight: 400;\">El grup classe dels Esp\u00edgols (I3B) va obtenir un diploma per haver aconseguit 0 residus. Enhorabona per la seva dedicaci\u00f3 i comprom\u00eds amb el medi ambient!<\/span><\/p>\n<p style=\"text-align: center;\"><span style=\"font-weight: 400;\">Recordeu que<\/span><b> \u201cEl millor residu \u00e9s aquell que no es genera\u201d<\/b><\/p>\n<p style=\"text-align: center;\"><a href=\"https:\/\/agora.xtec.cat\/ceipfmacia\/wp-content\/uploads\/usu1402\/2024\/11\/ods-12.png\"><img loading=\"lazy\" decoding=\"async\" class=\"alignnone size-full wp-image-8523\" src=\"https:\/\/agora.xtec.cat\/ceipfmacia\/wp-content\/uploads\/usu1402\/2024\/11\/ods-12.png\" alt=\"\" width=\"464\" height=\"108\" srcset=\"https:\/\/agora.xtec.cat\/ceipfmacia\/wp-content\/uploads\/usu1402\/2024\/11\/ods-12.png 464w, https:\/\/agora.xtec.cat\/ceipfmacia\/wp-content\/uploads\/usu1402\/2024\/11\/ods-12-300x70.png 300w\" sizes=\"auto, (max-width: 464px) 100vw, 464px\" \/><\/a><\/p>\n<div class=\"ast-oembed-container \" style=\"height: 100%;\"><iframe loading=\"lazy\" title=\"2a jornada d&#039;esmorzar sense residus\" width=\"500\" height=\"375\" src=\"https:\/\/www.youtube.com\/embed\/wIstpL-6BuI?feature=oembed\" frameborder=\"0\" allow=\"accelerometer; autoplay; clipboard-write; encrypted-media; gyroscope; picture-in-picture; web-share\" referrerpolicy=\"strict-origin-when-cross-origin\" allowfullscreen><\/iframe><\/div>\n","protected":false},"excerpt":{"rendered":"<p>En el marc de la Setmana Europea per la prevenci\u00f3 de residus, el passat dimarts 19 de novembre, vam realitzar a l\u2019escola, una segona jornada d\u2019esmorzars sense residus no compostables. Els objectius de la mateixa van ser els seg\u00fcents: Sensibilitzar al nostre alumnat sobre la prevenci\u00f3 de residus, trobar solucions a problemes reals i fomentar [&hellip;]<\/p>\n","protected":false},"author":1,"featured_media":0,"comment_status":"open","ping_status":"closed","sticky":false,"template":"","format":"standard","meta":{"_bbp_topic_count":0,"_bbp_reply_count":0,"_bbp_total_topic_count":0,"_bbp_total_reply_count":0,"_bbp_voice_count":0,"_bbp_anonymous_reply_count":0,"_bbp_topic_count_hidden":0,"_bbp_reply_count_hidden":0,"_bbp_forum_subforum_count":0,"site-sidebar-layout":"default","site-content-layout":"","ast-site-content-layout":"","site-content-style":"default","site-sidebar-style":"default","ast-global-header-display":"","ast-banner-title-visibility":"","ast-main-header-display":"","ast-hfb-above-header-display":"","ast-hfb-below-header-display":"","ast-hfb-mobile-header-display":"","site-post-title":"","ast-breadcrumbs-content":"","ast-featured-img":"","footer-sml-layout":"","theme-transparent-header-meta":"","adv-header-id-meta":"","stick-header-meta":"","header-above-stick-meta":"","header-main-stick-meta":"","header-below-stick-meta":"","astra-migrate-meta-layouts":"default","ast-page-background-enabled":"default","ast-page-background-meta":{"desktop":{"background-color":"var(--ast-global-color-4)","background-image":"","background-repeat":"repeat","background-position":"center center","background-size":"auto","background-attachment":"scroll","background-type":"","background-media":"","overlay-type":"","overlay-color":"","overlay-opacity":"","overlay-gradient":""},"tablet":{"background-color":"","background-image":"","background-repeat":"repeat","background-position":"center center","background-size":"auto","background-attachment":"scroll","background-type":"","background-media":"","overlay-type":"","overlay-color":"","overlay-opacity":"","overlay-gradient":""},"mobile":{"background-color":"","background-image":"","background-repeat":"repeat","background-position":"center center","background-size":"auto","background-attachment":"scroll","background-type":"","background-media":"","overlay-type":"","overlay-color":"","overlay-opacity":"","overlay-gradient":""}},"ast-content-background-meta":{"desktop":{"background-color":"var(--ast-global-color-5)","background-image":"","background-repeat":"repeat","background-position":"center center","background-size":"auto","background-attachment":"scroll","background-type":"","background-media":"","overlay-type":"","overlay-color":"","overlay-opacity":"","overlay-gradient":""},"tablet":{"background-color":"var(--ast-global-color-5)","background-image":"","background-repeat":"repeat","background-position":"center center","background-size":"auto","background-attachment":"scroll","background-type":"","background-media":"","overlay-type":"","overlay-color":"","overlay-opacity":"","overlay-gradient":""},"mobile":{"background-color":"var(--ast-global-color-5)","background-image":"","background-repeat":"repeat","background-position":"center center","background-size":"auto","background-attachment":"scroll","background-type":"","background-media":"","overlay-type":"","overlay-color":"","overlay-opacity":"","overlay-gradient":""}},"footnotes":""},"categories":[642,4],"tags":[819,78,644,709,772],"class_list":["post-8521","post","type-post","status-publish","format-standard","hentry","category-escola-verda","category-portada","tag-curs-24-25","tag-escola","tag-escola-verda","tag-esmorzar-sense-residus","tag-reciclatge"],"post_mailing_queue_ids":[],"_links":{"self":[{"href":"https:\/\/agora.xtec.cat\/ceipfmacia\/wp-json\/wp\/v2\/posts\/8521","targetHints":{"allow":["GET"]}}],"collection":[{"href":"https:\/\/agora.xtec.cat\/ceipfmacia\/wp-json\/wp\/v2\/posts"}],"about":[{"href":"https:\/\/agora.xtec.cat\/ceipfmacia\/wp-json\/wp\/v2\/types\/post"}],"author":[{"embeddable":true,"href":"https:\/\/agora.xtec.cat\/ceipfmacia\/wp-json\/wp\/v2\/users\/1"}],"replies":[{"embeddable":true,"href":"https:\/\/agora.xtec.cat\/ceipfmacia\/wp-json\/wp\/v2\/comments?post=8521"}],"version-history":[{"count":1,"href":"https:\/\/agora.xtec.cat\/ceipfmacia\/wp-json\/wp\/v2\/posts\/8521\/revisions"}],"predecessor-version":[{"id":8524,"href":"https:\/\/agora.xtec.cat\/ceipfmacia\/wp-json\/wp\/v2\/posts\/8521\/revisions\/8524"}],"wp:attachment":[{"href":"https:\/\/agora.xtec.cat\/ceipfmacia\/wp-json\/wp\/v2\/media?parent=8521"}],"wp:term":[{"taxonomy":"category","embeddable":true,"href":"https:\/\/agora.xtec.cat\/ceipfmacia\/wp-json\/wp\/v2\/categories?post=8521"},{"taxonomy":"post_tag","embeddable":true,"href":"https:\/\/agora.xtec.cat\/ceipfmacia\/wp-json\/wp\/v2\/tags?post=8521"}],"curies":[{"name":"wp","href":"https:\/\/api.w.org\/{rel}","templated":true}]}}