{"id":7988,"date":"2024-05-20T10:30:11","date_gmt":"2024-05-20T08:30:11","guid":{"rendered":"https:\/\/agora.xtec.cat\/ceipfmacia\/?p=7988"},"modified":"2024-05-20T08:17:18","modified_gmt":"2024-05-20T06:17:18","slug":"ei-17-de-maig-dia-mundial-del-reciclatge","status":"publish","type":"post","link":"https:\/\/agora.xtec.cat\/ceipfmacia\/portada\/ei-17-de-maig-dia-mundial-del-reciclatge\/","title":{"rendered":"EI- 17 de maig, Dia Mundial del Reciclatge."},"content":{"rendered":"<p style=\"text-align: justify;\"><span style=\"font-weight: 400;\">El passat divendres, 17 de maig, es va celebrar<\/span><b> El Dia Mundial del Reciclatge<\/b><span style=\"font-weight: 400;\">, \u00e9s un dia per recordar que hem de cercar solucions per generar menys residus, canviar els h\u00e0bits i prendre consci\u00e8ncia que hem de protegir el medi ambient.<\/span><\/p>\n<p style=\"text-align: center;\"><span style=\"font-weight: 400;\">Amb aquest motiu, el grup impulsor d&#8217;escola verda, va organitzar diverses activitats, per convidar al nostre alumnat a la reflexi\u00f3 al voltant dels residus i la import\u00e0ncia de fer una bona gesti\u00f3 d&#8217;aquests.<\/span><\/p>\n<p style=\"text-align: justify;\"><span style=\"font-weight: 400;\">Els infants de <\/span><b>I4 i I5<\/b><span style=\"font-weight: 400;\"> van realitzar uns tallers d&#8217;educaci\u00f3 ambiental, on amb diferents din\u00e0miques de joc, van haver de superar reptes per esdevenir superhero\u00efnes i superherois en la cura del medi ambient. Van con\u00e8ixer els diferents tipus de residus que generem i van aprendre a destriar-los b\u00e9. Finalment, per saber qu\u00e8 se&#8217;n fa dels residus que llencem al contenidor, han pogut con\u00e8ixer que \u00e9s una planta de tractament de residus.<\/span><\/p>\n<p style=\"text-align: justify;\"><span style=\"font-weight: 400;\">Als nens i les nenes <\/span><b>d&#8217;I3 t<\/b><span style=\"font-weight: 400;\">amb\u00e9 els hi esperava un gran repte, es van trobar a l&#8217;aula una cistella tota plena d&#8217;escombraries barrejades que van haver de classificar i dipositar al contenidor corresponent.<\/span><\/p>\n<ul>\n<li style=\"font-weight: 400; text-align: justify;\" aria-level=\"1\"><span style=\"font-weight: 400;\">Aqu\u00ed teniu un recull d\u2019imatges de les diferents propostes de la jornada<\/span><\/li>\n<\/ul>\n<div class=\"ast-oembed-container \" style=\"height: 100%;\"><iframe loading=\"lazy\" title=\"EI- Dia mundial del reciclatge\" width=\"500\" height=\"281\" src=\"https:\/\/www.youtube.com\/embed\/cjuO8H42ANg?feature=oembed\" frameborder=\"0\" allow=\"accelerometer; autoplay; clipboard-write; encrypted-media; gyroscope; picture-in-picture; web-share\" referrerpolicy=\"strict-origin-when-cross-origin\" allowfullscreen><\/iframe><\/div>\n","protected":false},"excerpt":{"rendered":"<p>El passat divendres, 17 de maig, es va celebrar El Dia Mundial del Reciclatge, \u00e9s un dia per recordar que hem de cercar solucions per generar menys residus, canviar els h\u00e0bits i prendre consci\u00e8ncia que hem de protegir el medi ambient. Amb aquest motiu, el grup impulsor d&#8217;escola verda, va organitzar diverses activitats, per convidar [&hellip;]<\/p>\n","protected":false},"author":1,"featured_media":0,"comment_status":"open","ping_status":"closed","sticky":false,"template":"","format":"standard","meta":{"_bbp_topic_count":0,"_bbp_reply_count":0,"_bbp_total_topic_count":0,"_bbp_total_reply_count":0,"_bbp_voice_count":0,"_bbp_anonymous_reply_count":0,"_bbp_topic_count_hidden":0,"_bbp_reply_count_hidden":0,"_bbp_forum_subforum_count":0,"site-sidebar-layout":"default","site-content-layout":"","ast-site-content-layout":"","site-content-style":"default","site-sidebar-style":"default","ast-global-header-display":"","ast-banner-title-visibility":"","ast-main-header-display":"","ast-hfb-above-header-display":"","ast-hfb-below-header-display":"","ast-hfb-mobile-header-display":"","site-post-title":"","ast-breadcrumbs-content":"","ast-featured-img":"","footer-sml-layout":"","theme-transparent-header-meta":"","adv-header-id-meta":"","stick-header-meta":"","header-above-stick-meta":"","header-main-stick-meta":"","header-below-stick-meta":"","astra-migrate-meta-layouts":"default","ast-page-background-enabled":"default","ast-page-background-meta":{"desktop":{"background-color":"var(--ast-global-color-4)","background-image":"","background-repeat":"repeat","background-position":"center center","background-size":"auto","background-attachment":"scroll","background-type":"","background-media":"","overlay-type":"","overlay-color":"","overlay-opacity":"","overlay-gradient":""},"tablet":{"background-color":"","background-image":"","background-repeat":"repeat","background-position":"center center","background-size":"auto","background-attachment":"scroll","background-type":"","background-media":"","overlay-type":"","overlay-color":"","overlay-opacity":"","overlay-gradient":""},"mobile":{"background-color":"","background-image":"","background-repeat":"repeat","background-position":"center center","background-size":"auto","background-attachment":"scroll","background-type":"","background-media":"","overlay-type":"","overlay-color":"","overlay-opacity":"","overlay-gradient":""}},"ast-content-background-meta":{"desktop":{"background-color":"var(--ast-global-color-5)","background-image":"","background-repeat":"repeat","background-position":"center center","background-size":"auto","background-attachment":"scroll","background-type":"","background-media":"","overlay-type":"","overlay-color":"","overlay-opacity":"","overlay-gradient":""},"tablet":{"background-color":"var(--ast-global-color-5)","background-image":"","background-repeat":"repeat","background-position":"center center","background-size":"auto","background-attachment":"scroll","background-type":"","background-media":"","overlay-type":"","overlay-color":"","overlay-opacity":"","overlay-gradient":""},"mobile":{"background-color":"var(--ast-global-color-5)","background-image":"","background-repeat":"repeat","background-position":"center center","background-size":"auto","background-attachment":"scroll","background-type":"","background-media":"","overlay-type":"","overlay-color":"","overlay-opacity":"","overlay-gradient":""}},"footnotes":""},"categories":[56,642,4],"tags":[659,783,108,644,624,626,616,785,786,579],"class_list":["post-7988","post","type-post","status-publish","format-standard","hentry","category-ei","category-escola-verda","category-portada","tag-curs-2023-24","tag-dia-mundial-del-reciclatge","tag-educacio-infantil","tag-escola-verda","tag-i3","tag-i4","tag-i5","tag-reduir","tag-reutilitzar","tag-taller-de-reciclatge"],"post_mailing_queue_ids":[],"_links":{"self":[{"href":"https:\/\/agora.xtec.cat\/ceipfmacia\/wp-json\/wp\/v2\/posts\/7988","targetHints":{"allow":["GET"]}}],"collection":[{"href":"https:\/\/agora.xtec.cat\/ceipfmacia\/wp-json\/wp\/v2\/posts"}],"about":[{"href":"https:\/\/agora.xtec.cat\/ceipfmacia\/wp-json\/wp\/v2\/types\/post"}],"author":[{"embeddable":true,"href":"https:\/\/agora.xtec.cat\/ceipfmacia\/wp-json\/wp\/v2\/users\/1"}],"replies":[{"embeddable":true,"href":"https:\/\/agora.xtec.cat\/ceipfmacia\/wp-json\/wp\/v2\/comments?post=7988"}],"version-history":[{"count":1,"href":"https:\/\/agora.xtec.cat\/ceipfmacia\/wp-json\/wp\/v2\/posts\/7988\/revisions"}],"predecessor-version":[{"id":7989,"href":"https:\/\/agora.xtec.cat\/ceipfmacia\/wp-json\/wp\/v2\/posts\/7988\/revisions\/7989"}],"wp:attachment":[{"href":"https:\/\/agora.xtec.cat\/ceipfmacia\/wp-json\/wp\/v2\/media?parent=7988"}],"wp:term":[{"taxonomy":"category","embeddable":true,"href":"https:\/\/agora.xtec.cat\/ceipfmacia\/wp-json\/wp\/v2\/categories?post=7988"},{"taxonomy":"post_tag","embeddable":true,"href":"https:\/\/agora.xtec.cat\/ceipfmacia\/wp-json\/wp\/v2\/tags?post=7988"}],"curies":[{"name":"wp","href":"https:\/\/api.w.org\/{rel}","templated":true}]}}