{"id":7985,"date":"2024-05-18T10:30:36","date_gmt":"2024-05-18T08:30:36","guid":{"rendered":"https:\/\/agora.xtec.cat\/ceipfmacia\/?p=7985"},"modified":"2024-05-18T08:31:33","modified_gmt":"2024-05-18T06:31:33","slug":"ci-17-de-maig-dia-mundial-del-reciclatge","status":"publish","type":"post","link":"https:\/\/agora.xtec.cat\/ceipfmacia\/portada\/ci-17-de-maig-dia-mundial-del-reciclatge\/","title":{"rendered":"CI- 17 de maig Dia Mundial del Reciclatge."},"content":{"rendered":"<p style=\"text-align: justify;\">El 17 de maig, \u00e9s el dia mundial del reciclatge! Des de l\u2019escola, un cop m\u00e9s hem volgut prendre consci\u00e8ncia de la problem\u00e0tica que patim actualment amb els residus d\u2019un sol \u00fas i el reciclatge en general.<\/p>\n<p style=\"text-align: justify;\">Abans d\u2019esmorzar, hem analitzat els envasos que portem en l\u2019esmorzar. Despr\u00e9s del pati, hem recordat on va cada env\u00e0s i finalment, hem fet el nostre <em>Let\u2019s clean up<\/em> propi, recollint brossa del pati i col\u00b7locant-la a la seva brossa corresponent.<\/p>\n<p style=\"text-align: justify;\">Aqu\u00ed us deixem un petit recull de fotografies del dia d\u2019avui.<\/p>\n<div class=\"ast-oembed-container \" style=\"height: 100%;\"><iframe loading=\"lazy\" title=\"CI- Dia mundial del reciclatge (17 de maig)\" width=\"500\" height=\"281\" src=\"https:\/\/www.youtube.com\/embed\/Udr5MKlLHJc?feature=oembed\" frameborder=\"0\" allow=\"accelerometer; autoplay; clipboard-write; encrypted-media; gyroscope; picture-in-picture; web-share\" referrerpolicy=\"strict-origin-when-cross-origin\" allowfullscreen><\/iframe><\/div>\n","protected":false},"excerpt":{"rendered":"<p>El 17 de maig, \u00e9s el dia mundial del reciclatge! Des de l\u2019escola, un cop m\u00e9s hem volgut prendre consci\u00e8ncia de la problem\u00e0tica que patim actualment amb els residus d\u2019un sol \u00fas i el reciclatge en general. Abans d\u2019esmorzar, hem analitzat els envasos que portem en l\u2019esmorzar. Despr\u00e9s del pati, hem recordat on va cada [&hellip;]<\/p>\n","protected":false},"author":1,"featured_media":0,"comment_status":"open","ping_status":"closed","sticky":false,"template":"","format":"standard","meta":{"_bbp_topic_count":0,"_bbp_reply_count":0,"_bbp_total_topic_count":0,"_bbp_total_reply_count":0,"_bbp_voice_count":0,"_bbp_anonymous_reply_count":0,"_bbp_topic_count_hidden":0,"_bbp_reply_count_hidden":0,"_bbp_forum_subforum_count":0,"site-sidebar-layout":"default","site-content-layout":"","ast-site-content-layout":"","site-content-style":"default","site-sidebar-style":"default","ast-global-header-display":"","ast-banner-title-visibility":"","ast-main-header-display":"","ast-hfb-above-header-display":"","ast-hfb-below-header-display":"","ast-hfb-mobile-header-display":"","site-post-title":"","ast-breadcrumbs-content":"","ast-featured-img":"","footer-sml-layout":"","theme-transparent-header-meta":"","adv-header-id-meta":"","stick-header-meta":"","header-above-stick-meta":"","header-main-stick-meta":"","header-below-stick-meta":"","astra-migrate-meta-layouts":"default","ast-page-background-enabled":"default","ast-page-background-meta":{"desktop":{"background-color":"var(--ast-global-color-4)","background-image":"","background-repeat":"repeat","background-position":"center center","background-size":"auto","background-attachment":"scroll","background-type":"","background-media":"","overlay-type":"","overlay-color":"","overlay-opacity":"","overlay-gradient":""},"tablet":{"background-color":"","background-image":"","background-repeat":"repeat","background-position":"center center","background-size":"auto","background-attachment":"scroll","background-type":"","background-media":"","overlay-type":"","overlay-color":"","overlay-opacity":"","overlay-gradient":""},"mobile":{"background-color":"","background-image":"","background-repeat":"repeat","background-position":"center center","background-size":"auto","background-attachment":"scroll","background-type":"","background-media":"","overlay-type":"","overlay-color":"","overlay-opacity":"","overlay-gradient":""}},"ast-content-background-meta":{"desktop":{"background-color":"var(--ast-global-color-5)","background-image":"","background-repeat":"repeat","background-position":"center center","background-size":"auto","background-attachment":"scroll","background-type":"","background-media":"","overlay-type":"","overlay-color":"","overlay-opacity":"","overlay-gradient":""},"tablet":{"background-color":"var(--ast-global-color-5)","background-image":"","background-repeat":"repeat","background-position":"center center","background-size":"auto","background-attachment":"scroll","background-type":"","background-media":"","overlay-type":"","overlay-color":"","overlay-opacity":"","overlay-gradient":""},"mobile":{"background-color":"var(--ast-global-color-5)","background-image":"","background-repeat":"repeat","background-position":"center center","background-size":"auto","background-attachment":"scroll","background-type":"","background-media":"","overlay-type":"","overlay-color":"","overlay-opacity":"","overlay-gradient":""}},"footnotes":""},"categories":[57,642,4],"tags":[126,154,71,659,783,644,772,784],"class_list":["post-7985","post","type-post","status-publish","format-standard","hentry","category-ci","category-escola-verda","category-portada","tag-1r","tag-2n","tag-cicle-inicial","tag-curs-2023-24","tag-dia-mundial-del-reciclatge","tag-escola-verda","tag-reciclatge","tag-residus"],"post_mailing_queue_ids":[],"_links":{"self":[{"href":"https:\/\/agora.xtec.cat\/ceipfmacia\/wp-json\/wp\/v2\/posts\/7985","targetHints":{"allow":["GET"]}}],"collection":[{"href":"https:\/\/agora.xtec.cat\/ceipfmacia\/wp-json\/wp\/v2\/posts"}],"about":[{"href":"https:\/\/agora.xtec.cat\/ceipfmacia\/wp-json\/wp\/v2\/types\/post"}],"author":[{"embeddable":true,"href":"https:\/\/agora.xtec.cat\/ceipfmacia\/wp-json\/wp\/v2\/users\/1"}],"replies":[{"embeddable":true,"href":"https:\/\/agora.xtec.cat\/ceipfmacia\/wp-json\/wp\/v2\/comments?post=7985"}],"version-history":[{"count":2,"href":"https:\/\/agora.xtec.cat\/ceipfmacia\/wp-json\/wp\/v2\/posts\/7985\/revisions"}],"predecessor-version":[{"id":7987,"href":"https:\/\/agora.xtec.cat\/ceipfmacia\/wp-json\/wp\/v2\/posts\/7985\/revisions\/7987"}],"wp:attachment":[{"href":"https:\/\/agora.xtec.cat\/ceipfmacia\/wp-json\/wp\/v2\/media?parent=7985"}],"wp:term":[{"taxonomy":"category","embeddable":true,"href":"https:\/\/agora.xtec.cat\/ceipfmacia\/wp-json\/wp\/v2\/categories?post=7985"},{"taxonomy":"post_tag","embeddable":true,"href":"https:\/\/agora.xtec.cat\/ceipfmacia\/wp-json\/wp\/v2\/tags?post=7985"}],"curies":[{"name":"wp","href":"https:\/\/api.w.org\/{rel}","templated":true}]}}