{"id":7920,"date":"2024-05-09T09:30:18","date_gmt":"2024-05-09T07:30:18","guid":{"rendered":"https:\/\/agora.xtec.cat\/ceipfmacia\/?p=7920"},"modified":"2024-05-08T18:32:27","modified_gmt":"2024-05-08T16:32:27","slug":"2n-visita-a-lempresa-wecolors","status":"publish","type":"post","link":"https:\/\/agora.xtec.cat\/ceipfmacia\/portada\/2n-visita-a-lempresa-wecolors\/","title":{"rendered":"2n- Visita a l&#8217;empresa Wecolors"},"content":{"rendered":"<p style=\"text-align: justify;\">Els nens i les nenes de 2n hem visitat l\u2019empresa Wecolors situada al nostre poble.<\/p>\n<p style=\"text-align: justify;\">Hem apr\u00e8s com es fabrica el maquillatge. Al laboratori hem vist com es fan els experiments de les proves de qualitat i all\u00e0 hem conegut l&#8217;ofici de qu\u00edmica. Tamb\u00e9 ens han ensenyat les m\u00e0quines i els robots que fan servir als tallers i hem conegut l\u2019ofici d\u2019enginyer. Despr\u00e9s hem passejat pel magatzem i hem ent\u00e8s com \u00e9s d&#8217;important l\u2019ordre i l\u2019etiquetatge.<\/p>\n<p style=\"text-align: justify;\">Wecolors ens ha convidat a esmorzar i ens ha obsequiat amb un kit dels seus productes.<\/p>\n<p style=\"text-align: justify;\">Ha estat una jornada enriquidora i divertida i l&#8217;Escola Francesc Maci\u00e0 est\u00e0 mooolt agra\u00efda!<\/p>\n<div class=\"ast-oembed-container \" style=\"height: 100%;\"><iframe loading=\"lazy\" title=\"2n- Visita l&#039;empresa Wecolors\" width=\"500\" height=\"281\" src=\"https:\/\/www.youtube.com\/embed\/NeNTRQBwDF0?feature=oembed\" frameborder=\"0\" allow=\"accelerometer; autoplay; clipboard-write; encrypted-media; gyroscope; picture-in-picture; web-share\" referrerpolicy=\"strict-origin-when-cross-origin\" allowfullscreen><\/iframe><\/div>\n<p>&nbsp;<\/p>\n","protected":false},"excerpt":{"rendered":"<p>Els nens i les nenes de 2n hem visitat l\u2019empresa Wecolors situada al nostre poble. Hem apr\u00e8s com es fabrica el maquillatge. Al laboratori hem vist com es fan els experiments de les proves de qualitat i all\u00e0 hem conegut l&#8217;ofici de qu\u00edmica. Tamb\u00e9 ens han ensenyat les m\u00e0quines i els robots que fan servir [&hellip;]<\/p>\n","protected":false},"author":1,"featured_media":0,"comment_status":"open","ping_status":"closed","sticky":false,"template":"","format":"standard","meta":{"_bbp_topic_count":0,"_bbp_reply_count":0,"_bbp_total_topic_count":0,"_bbp_total_reply_count":0,"_bbp_voice_count":0,"_bbp_anonymous_reply_count":0,"_bbp_topic_count_hidden":0,"_bbp_reply_count_hidden":0,"_bbp_forum_subforum_count":0,"site-sidebar-layout":"default","site-content-layout":"","ast-site-content-layout":"","site-content-style":"default","site-sidebar-style":"default","ast-global-header-display":"","ast-banner-title-visibility":"","ast-main-header-display":"","ast-hfb-above-header-display":"","ast-hfb-below-header-display":"","ast-hfb-mobile-header-display":"","site-post-title":"","ast-breadcrumbs-content":"","ast-featured-img":"","footer-sml-layout":"","theme-transparent-header-meta":"","adv-header-id-meta":"","stick-header-meta":"","header-above-stick-meta":"","header-main-stick-meta":"","header-below-stick-meta":"","astra-migrate-meta-layouts":"default","ast-page-background-enabled":"default","ast-page-background-meta":{"desktop":{"background-color":"var(--ast-global-color-4)","background-image":"","background-repeat":"repeat","background-position":"center center","background-size":"auto","background-attachment":"scroll","background-type":"","background-media":"","overlay-type":"","overlay-color":"","overlay-opacity":"","overlay-gradient":""},"tablet":{"background-color":"","background-image":"","background-repeat":"repeat","background-position":"center center","background-size":"auto","background-attachment":"scroll","background-type":"","background-media":"","overlay-type":"","overlay-color":"","overlay-opacity":"","overlay-gradient":""},"mobile":{"background-color":"","background-image":"","background-repeat":"repeat","background-position":"center center","background-size":"auto","background-attachment":"scroll","background-type":"","background-media":"","overlay-type":"","overlay-color":"","overlay-opacity":"","overlay-gradient":""}},"ast-content-background-meta":{"desktop":{"background-color":"var(--ast-global-color-5)","background-image":"","background-repeat":"repeat","background-position":"center center","background-size":"auto","background-attachment":"scroll","background-type":"","background-media":"","overlay-type":"","overlay-color":"","overlay-opacity":"","overlay-gradient":""},"tablet":{"background-color":"var(--ast-global-color-5)","background-image":"","background-repeat":"repeat","background-position":"center center","background-size":"auto","background-attachment":"scroll","background-type":"","background-media":"","overlay-type":"","overlay-color":"","overlay-opacity":"","overlay-gradient":""},"mobile":{"background-color":"var(--ast-global-color-5)","background-image":"","background-repeat":"repeat","background-position":"center center","background-size":"auto","background-attachment":"scroll","background-type":"","background-media":"","overlay-type":"","overlay-color":"","overlay-opacity":"","overlay-gradient":""}},"footnotes":""},"categories":[57,4],"tags":[154,71,659,562,69,233],"class_list":["post-7920","post","type-post","status-publish","format-standard","hentry","category-ci","category-portada","tag-2n","tag-cicle-inicial","tag-curs-2023-24","tag-oficis","tag-sortida","tag-vilassar-de-dalt"],"post_mailing_queue_ids":[],"_links":{"self":[{"href":"https:\/\/agora.xtec.cat\/ceipfmacia\/wp-json\/wp\/v2\/posts\/7920","targetHints":{"allow":["GET"]}}],"collection":[{"href":"https:\/\/agora.xtec.cat\/ceipfmacia\/wp-json\/wp\/v2\/posts"}],"about":[{"href":"https:\/\/agora.xtec.cat\/ceipfmacia\/wp-json\/wp\/v2\/types\/post"}],"author":[{"embeddable":true,"href":"https:\/\/agora.xtec.cat\/ceipfmacia\/wp-json\/wp\/v2\/users\/1"}],"replies":[{"embeddable":true,"href":"https:\/\/agora.xtec.cat\/ceipfmacia\/wp-json\/wp\/v2\/comments?post=7920"}],"version-history":[{"count":3,"href":"https:\/\/agora.xtec.cat\/ceipfmacia\/wp-json\/wp\/v2\/posts\/7920\/revisions"}],"predecessor-version":[{"id":7926,"href":"https:\/\/agora.xtec.cat\/ceipfmacia\/wp-json\/wp\/v2\/posts\/7920\/revisions\/7926"}],"wp:attachment":[{"href":"https:\/\/agora.xtec.cat\/ceipfmacia\/wp-json\/wp\/v2\/media?parent=7920"}],"wp:term":[{"taxonomy":"category","embeddable":true,"href":"https:\/\/agora.xtec.cat\/ceipfmacia\/wp-json\/wp\/v2\/categories?post=7920"},{"taxonomy":"post_tag","embeddable":true,"href":"https:\/\/agora.xtec.cat\/ceipfmacia\/wp-json\/wp\/v2\/tags?post=7920"}],"curies":[{"name":"wp","href":"https:\/\/api.w.org\/{rel}","templated":true}]}}