{"id":6226,"date":"2022-11-25T09:00:08","date_gmt":"2022-11-25T08:00:08","guid":{"rendered":"https:\/\/agora.xtec.cat\/ceipfmacia\/?p=6226"},"modified":"2022-11-29T00:03:57","modified_gmt":"2022-11-28T23:03:57","slug":"taller-jaume-plensa","status":"publish","type":"post","link":"https:\/\/agora.xtec.cat\/ceipfmacia\/portada\/taller-jaume-plensa\/","title":{"rendered":"Taller Jaume Plensa"},"content":{"rendered":"<p style=\"text-align: justify;\">Al llarg de la primera quinzena de novembre, els alumnes de 5<sup>\u00e8<\/sup> han estat realitzant un taller de pl\u00e0stica dirigit per l\u2019\u00e0via de l\u2019alumna d\u2019aquest curs, Cl\u00e0udia Mar\u00e8s, Mariona Mill\u00e0.<\/p>\n<p style=\"text-align: justify;\">El taller consistia en descobrir Jaume Plensa, l\u2019actualitat del seu art, i la pr\u00e0ctica de les seves t\u00e8cniques sobre fotografies mida A3\u00a0 de diferents edificis de Vilassar.<\/p>\n<p style=\"text-align: justify;\">Els alumnes han gaudit d\u2019aquest taller i han descobert la visi\u00f3 particular d\u2019un artista del nostre temps. Tan deb\u00f2, algun dia aconseguim una obra d\u2019en Plensa per Vilassar!<\/p>\n<p style=\"text-align: justify;\">Molt\u00edssimes gr\u00e0cies a la Mariona per la seva dedicaci\u00f3 al taller!<\/p>\n<div class=\"ast-oembed-container \" style=\"height: 100%;\"><iframe loading=\"lazy\" title=\"5\u00e8-Taller Jaume Plensa\" width=\"500\" height=\"281\" src=\"https:\/\/www.youtube.com\/embed\/rqVtsKeI1_k?feature=oembed\" frameborder=\"0\" allow=\"accelerometer; autoplay; clipboard-write; encrypted-media; gyroscope; picture-in-picture; web-share\" referrerpolicy=\"strict-origin-when-cross-origin\" allowfullscreen><\/iframe><\/div>\n","protected":false},"excerpt":{"rendered":"<p>Al llarg de la primera quinzena de novembre, els alumnes de 5\u00e8 han estat realitzant un taller de pl\u00e0stica dirigit per l\u2019\u00e0via de l\u2019alumna d\u2019aquest curs, Cl\u00e0udia Mar\u00e8s, Mariona Mill\u00e0. El taller consistia en descobrir Jaume Plensa, l\u2019actualitat del seu art, i la pr\u00e0ctica de les seves t\u00e8cniques sobre fotografies mida A3\u00a0 de diferents edificis [&hellip;]<\/p>\n","protected":false},"author":1,"featured_media":0,"comment_status":"open","ping_status":"closed","sticky":false,"template":"","format":"standard","meta":{"_bbp_topic_count":0,"_bbp_reply_count":0,"_bbp_total_topic_count":0,"_bbp_total_reply_count":0,"_bbp_voice_count":0,"_bbp_anonymous_reply_count":0,"_bbp_topic_count_hidden":0,"_bbp_reply_count_hidden":0,"_bbp_forum_subforum_count":0,"site-sidebar-layout":"default","site-content-layout":"","ast-site-content-layout":"","site-content-style":"default","site-sidebar-style":"default","ast-global-header-display":"","ast-banner-title-visibility":"","ast-main-header-display":"","ast-hfb-above-header-display":"","ast-hfb-below-header-display":"","ast-hfb-mobile-header-display":"","site-post-title":"","ast-breadcrumbs-content":"","ast-featured-img":"","footer-sml-layout":"","theme-transparent-header-meta":"","adv-header-id-meta":"","stick-header-meta":"","header-above-stick-meta":"","header-main-stick-meta":"","header-below-stick-meta":"","astra-migrate-meta-layouts":"default","ast-page-background-enabled":"default","ast-page-background-meta":{"desktop":{"background-color":"var(--ast-global-color-4)","background-image":"","background-repeat":"repeat","background-position":"center center","background-size":"auto","background-attachment":"scroll","background-type":"","background-media":"","overlay-type":"","overlay-color":"","overlay-opacity":"","overlay-gradient":""},"tablet":{"background-color":"","background-image":"","background-repeat":"repeat","background-position":"center center","background-size":"auto","background-attachment":"scroll","background-type":"","background-media":"","overlay-type":"","overlay-color":"","overlay-opacity":"","overlay-gradient":""},"mobile":{"background-color":"","background-image":"","background-repeat":"repeat","background-position":"center center","background-size":"auto","background-attachment":"scroll","background-type":"","background-media":"","overlay-type":"","overlay-color":"","overlay-opacity":"","overlay-gradient":""}},"ast-content-background-meta":{"desktop":{"background-color":"var(--ast-global-color-5)","background-image":"","background-repeat":"repeat","background-position":"center center","background-size":"auto","background-attachment":"scroll","background-type":"","background-media":"","overlay-type":"","overlay-color":"","overlay-opacity":"","overlay-gradient":""},"tablet":{"background-color":"var(--ast-global-color-5)","background-image":"","background-repeat":"repeat","background-position":"center center","background-size":"auto","background-attachment":"scroll","background-type":"","background-media":"","overlay-type":"","overlay-color":"","overlay-opacity":"","overlay-gradient":""},"mobile":{"background-color":"var(--ast-global-color-5)","background-image":"","background-repeat":"repeat","background-position":"center center","background-size":"auto","background-attachment":"scroll","background-type":"","background-media":"","overlay-type":"","overlay-color":"","overlay-opacity":"","overlay-gradient":""}},"footnotes":""},"categories":[59,4],"tags":[159,73,74,535,462],"class_list":["post-6226","post","type-post","status-publish","format-standard","hentry","category-cs","category-portada","tag-5e","tag-artista","tag-cicle-superior","tag-curs-2022-23","tag-tallers-a-lescola"],"post_mailing_queue_ids":[],"_links":{"self":[{"href":"https:\/\/agora.xtec.cat\/ceipfmacia\/wp-json\/wp\/v2\/posts\/6226","targetHints":{"allow":["GET"]}}],"collection":[{"href":"https:\/\/agora.xtec.cat\/ceipfmacia\/wp-json\/wp\/v2\/posts"}],"about":[{"href":"https:\/\/agora.xtec.cat\/ceipfmacia\/wp-json\/wp\/v2\/types\/post"}],"author":[{"embeddable":true,"href":"https:\/\/agora.xtec.cat\/ceipfmacia\/wp-json\/wp\/v2\/users\/1"}],"replies":[{"embeddable":true,"href":"https:\/\/agora.xtec.cat\/ceipfmacia\/wp-json\/wp\/v2\/comments?post=6226"}],"version-history":[{"count":2,"href":"https:\/\/agora.xtec.cat\/ceipfmacia\/wp-json\/wp\/v2\/posts\/6226\/revisions"}],"predecessor-version":[{"id":6243,"href":"https:\/\/agora.xtec.cat\/ceipfmacia\/wp-json\/wp\/v2\/posts\/6226\/revisions\/6243"}],"wp:attachment":[{"href":"https:\/\/agora.xtec.cat\/ceipfmacia\/wp-json\/wp\/v2\/media?parent=6226"}],"wp:term":[{"taxonomy":"category","embeddable":true,"href":"https:\/\/agora.xtec.cat\/ceipfmacia\/wp-json\/wp\/v2\/categories?post=6226"},{"taxonomy":"post_tag","embeddable":true,"href":"https:\/\/agora.xtec.cat\/ceipfmacia\/wp-json\/wp\/v2\/tags?post=6226"}],"curies":[{"name":"wp","href":"https:\/\/api.w.org\/{rel}","templated":true}]}}