{"id":5728,"date":"2022-04-24T21:11:57","date_gmt":"2022-04-24T19:11:57","guid":{"rendered":"https:\/\/agora.xtec.cat\/ceipfmacia\/?p=5728"},"modified":"2022-04-24T21:12:20","modified_gmt":"2022-04-24T19:12:20","slug":"contacontes-sant-jordi","status":"publish","type":"post","link":"https:\/\/agora.xtec.cat\/ceipfmacia\/portada\/contacontes-sant-jordi\/","title":{"rendered":"Contacontes Sant Jordi"},"content":{"rendered":"<p style=\"text-align: justify;\">La setmana passada a l&#8217;escola vam rebre diverses fam\u00edlies que van fer de contacontes i ens van explicar diversos contes i hist\u00f2ries amb una posada en escena molt xula! Compartim amb vosaltres unes imatges d&#8217;aquestes experi\u00e8ncies.<\/p>\n<p style=\"text-align: justify;\">Molt\u00edssimes gr\u00e0cies a les fam\u00edlies, pares, mares i \u00e0via que han participat explicant contes al llarg de la setmana de Sant Jordi. Aquestes han estat: la Laura (mare de la N\u00faria i Eul\u00e0lia de Mas), l&#8217;\u00c0lex (pare de la Joana Catal\u00e0), l&#8217;Alex i Mariona (mare i \u00e0via de la Cl\u00e0udia Mares), Jordi i Mariona (pares de l&#8217;Areu i Bruc) i la Desir\u00e9 (mare de l&#8217;Ane i Biel R\u00edos).<br \/>\nHi ha hagut pintura, m\u00fasica, interpretaci\u00f3, coneixements, hist\u00f2ria, emocions&#8230;.tot un reguitzell de viv\u00e8ncies que ens han encantat.<br \/>\nL&#8217;any vinent en volem m\u00e9s i volem que continueu construint aquesta fam\u00edlia que \u00e9s el Francesc Maci\u00e0.<\/p>\n<p style=\"text-align: center;\"><iframe loading=\"lazy\" src=\"\/\/www.youtube.com\/embed\/41x8P2RprDA\" width=\"560\" height=\"314\" allowfullscreen=\"allowfullscreen\"><\/iframe><\/p>\n","protected":false},"excerpt":{"rendered":"<p>La setmana passada a l&#8217;escola vam rebre diverses fam\u00edlies que van fer de contacontes i ens van explicar diversos contes i hist\u00f2ries amb una posada en escena molt xula! Compartim amb vosaltres unes imatges d&#8217;aquestes experi\u00e8ncies. Molt\u00edssimes gr\u00e0cies a les fam\u00edlies, pares, mares i \u00e0via que han participat explicant contes al llarg de la setmana [&hellip;]<\/p>\n","protected":false},"author":1,"featured_media":5747,"comment_status":"open","ping_status":"closed","sticky":false,"template":"","format":"standard","meta":{"_bbp_topic_count":0,"_bbp_reply_count":0,"_bbp_total_topic_count":0,"_bbp_total_reply_count":0,"_bbp_voice_count":0,"_bbp_anonymous_reply_count":0,"_bbp_topic_count_hidden":0,"_bbp_reply_count_hidden":0,"_bbp_forum_subforum_count":0,"site-sidebar-layout":"default","site-content-layout":"","ast-site-content-layout":"","site-content-style":"default","site-sidebar-style":"default","ast-global-header-display":"","ast-banner-title-visibility":"","ast-main-header-display":"","ast-hfb-above-header-display":"","ast-hfb-below-header-display":"","ast-hfb-mobile-header-display":"","site-post-title":"","ast-breadcrumbs-content":"","ast-featured-img":"","footer-sml-layout":"","theme-transparent-header-meta":"","adv-header-id-meta":"","stick-header-meta":"","header-above-stick-meta":"","header-main-stick-meta":"","header-below-stick-meta":"","astra-migrate-meta-layouts":"default","ast-page-background-enabled":"default","ast-page-background-meta":{"desktop":{"background-color":"var(--ast-global-color-4)","background-image":"","background-repeat":"repeat","background-position":"center center","background-size":"auto","background-attachment":"scroll","background-type":"","background-media":"","overlay-type":"","overlay-color":"","overlay-opacity":"","overlay-gradient":""},"tablet":{"background-color":"","background-image":"","background-repeat":"repeat","background-position":"center center","background-size":"auto","background-attachment":"scroll","background-type":"","background-media":"","overlay-type":"","overlay-color":"","overlay-opacity":"","overlay-gradient":""},"mobile":{"background-color":"","background-image":"","background-repeat":"repeat","background-position":"center center","background-size":"auto","background-attachment":"scroll","background-type":"","background-media":"","overlay-type":"","overlay-color":"","overlay-opacity":"","overlay-gradient":""}},"ast-content-background-meta":{"desktop":{"background-color":"var(--ast-global-color-5)","background-image":"","background-repeat":"repeat","background-position":"center center","background-size":"auto","background-attachment":"scroll","background-type":"","background-media":"","overlay-type":"","overlay-color":"","overlay-opacity":"","overlay-gradient":""},"tablet":{"background-color":"var(--ast-global-color-5)","background-image":"","background-repeat":"repeat","background-position":"center center","background-size":"auto","background-attachment":"scroll","background-type":"","background-media":"","overlay-type":"","overlay-color":"","overlay-opacity":"","overlay-gradient":""},"mobile":{"background-color":"var(--ast-global-color-5)","background-image":"","background-repeat":"repeat","background-position":"center center","background-size":"auto","background-attachment":"scroll","background-type":"","background-media":"","overlay-type":"","overlay-color":"","overlay-opacity":"","overlay-gradient":""}},"footnotes":""},"categories":[4],"tags":[414,530,571,470,78,109,157,167],"class_list":["post-5728","post","type-post","status-publish","format-standard","has-post-thumbnail","hentry","category-portada","tag-art","tag-celebracions-a-lescola","tag-contes","tag-curs-2021-22","tag-escola","tag-musica","tag-sant-jordi","tag-teatre"],"post_mailing_queue_ids":[],"_links":{"self":[{"href":"https:\/\/agora.xtec.cat\/ceipfmacia\/wp-json\/wp\/v2\/posts\/5728","targetHints":{"allow":["GET"]}}],"collection":[{"href":"https:\/\/agora.xtec.cat\/ceipfmacia\/wp-json\/wp\/v2\/posts"}],"about":[{"href":"https:\/\/agora.xtec.cat\/ceipfmacia\/wp-json\/wp\/v2\/types\/post"}],"author":[{"embeddable":true,"href":"https:\/\/agora.xtec.cat\/ceipfmacia\/wp-json\/wp\/v2\/users\/1"}],"replies":[{"embeddable":true,"href":"https:\/\/agora.xtec.cat\/ceipfmacia\/wp-json\/wp\/v2\/comments?post=5728"}],"version-history":[{"count":2,"href":"https:\/\/agora.xtec.cat\/ceipfmacia\/wp-json\/wp\/v2\/posts\/5728\/revisions"}],"predecessor-version":[{"id":5749,"href":"https:\/\/agora.xtec.cat\/ceipfmacia\/wp-json\/wp\/v2\/posts\/5728\/revisions\/5749"}],"wp:featuredmedia":[{"embeddable":true,"href":"https:\/\/agora.xtec.cat\/ceipfmacia\/wp-json\/wp\/v2\/media\/5747"}],"wp:attachment":[{"href":"https:\/\/agora.xtec.cat\/ceipfmacia\/wp-json\/wp\/v2\/media?parent=5728"}],"wp:term":[{"taxonomy":"category","embeddable":true,"href":"https:\/\/agora.xtec.cat\/ceipfmacia\/wp-json\/wp\/v2\/categories?post=5728"},{"taxonomy":"post_tag","embeddable":true,"href":"https:\/\/agora.xtec.cat\/ceipfmacia\/wp-json\/wp\/v2\/tags?post=5728"}],"curies":[{"name":"wp","href":"https:\/\/api.w.org\/{rel}","templated":true}]}}