{"id":5672,"date":"2022-04-10T12:15:09","date_gmt":"2022-04-10T10:15:09","guid":{"rendered":"https:\/\/agora.xtec.cat\/ceipfmacia\/?p=5672"},"modified":"2026-03-10T19:17:46","modified_gmt":"2026-03-10T18:17:46","slug":"6e-teatre-mans-enlaire","status":"publish","type":"post","link":"https:\/\/agora.xtec.cat\/ceipfmacia\/portada\/6e-teatre-mans-enlaire\/","title":{"rendered":"6\u00e8- Teatre: &#8220;Mans Enlaire&#8221;"},"content":{"rendered":"<p style=\"text-align: justify;\">Aqu\u00ed us deixem un recull d&#8217;imatges i videos de l&#8217;obra de teatre que les nenes i nens del grup d&#8217;expressi\u00f3 oral de 6\u00e8 ens han representat aquests dies a l&#8217;escola.\u00a0 Des d&#8217;aqu\u00ed els volem felicitar perqu\u00e8 han treballat de valent i ho han molt i molt b\u00e9!<\/p>\n<div class=\"ast-oembed-container \" style=\"height: 100%;\"><iframe loading=\"lazy\" title=\"6\u00e8- Recull imatges del teatre &quot;Mans enlaire&quot;\" width=\"500\" height=\"281\" src=\"https:\/\/www.youtube.com\/embed\/u05XX6_vWjE?feature=oembed\" frameborder=\"0\" allow=\"accelerometer; autoplay; clipboard-write; encrypted-media; gyroscope; picture-in-picture; web-share\" referrerpolicy=\"strict-origin-when-cross-origin\" allowfullscreen><\/iframe><\/div>\n<div class=\"ast-oembed-container \" style=\"height: 100%;\"><iframe loading=\"lazy\" title=\"6\u00e8- Recull de videos del teatre &quot;Mans enlaire&quot;\" width=\"500\" height=\"281\" src=\"https:\/\/www.youtube.com\/embed\/-bFvdfF40eQ?feature=oembed\" frameborder=\"0\" allow=\"accelerometer; autoplay; clipboard-write; encrypted-media; gyroscope; picture-in-picture; web-share\" referrerpolicy=\"strict-origin-when-cross-origin\" allowfullscreen><\/iframe><\/div>\n","protected":false},"excerpt":{"rendered":"<p>Aqu\u00ed us deixem un recull d&#8217;imatges i videos de l&#8217;obra de teatre que les nenes i nens del grup d&#8217;expressi\u00f3 oral de 6\u00e8 ens han representat aquests dies a l&#8217;escola.\u00a0 Des d&#8217;aqu\u00ed els volem felicitar perqu\u00e8 han treballat de valent i ho han molt i molt b\u00e9!<\/p>\n","protected":false},"author":1,"featured_media":5681,"comment_status":"open","ping_status":"closed","sticky":false,"template":"","format":"standard","meta":{"_bbp_topic_count":0,"_bbp_reply_count":0,"_bbp_total_topic_count":0,"_bbp_total_reply_count":0,"_bbp_voice_count":0,"_bbp_anonymous_reply_count":0,"_bbp_topic_count_hidden":0,"_bbp_reply_count_hidden":0,"_bbp_forum_subforum_count":0,"site-sidebar-layout":"default","site-content-layout":"","ast-site-content-layout":"default","site-content-style":"default","site-sidebar-style":"default","ast-global-header-display":"","ast-banner-title-visibility":"","ast-main-header-display":"","ast-hfb-above-header-display":"","ast-hfb-below-header-display":"","ast-hfb-mobile-header-display":"","site-post-title":"","ast-breadcrumbs-content":"","ast-featured-img":"","footer-sml-layout":"","theme-transparent-header-meta":"","adv-header-id-meta":"","stick-header-meta":"","header-above-stick-meta":"","header-main-stick-meta":"","header-below-stick-meta":"","astra-migrate-meta-layouts":"set","ast-page-background-enabled":"default","ast-page-background-meta":{"desktop":{"background-color":"var(--ast-global-color-4)","background-image":"","background-repeat":"repeat","background-position":"center center","background-size":"auto","background-attachment":"scroll","background-type":"","background-media":"","overlay-type":"","overlay-color":"","overlay-opacity":"","overlay-gradient":""},"tablet":{"background-color":"","background-image":"","background-repeat":"repeat","background-position":"center center","background-size":"auto","background-attachment":"scroll","background-type":"","background-media":"","overlay-type":"","overlay-color":"","overlay-opacity":"","overlay-gradient":""},"mobile":{"background-color":"","background-image":"","background-repeat":"repeat","background-position":"center center","background-size":"auto","background-attachment":"scroll","background-type":"","background-media":"","overlay-type":"","overlay-color":"","overlay-opacity":"","overlay-gradient":""}},"ast-content-background-meta":{"desktop":{"background-color":"var(--ast-global-color-5)","background-image":"","background-repeat":"repeat","background-position":"center center","background-size":"auto","background-attachment":"scroll","background-type":"","background-media":"","overlay-type":"","overlay-color":"","overlay-opacity":"","overlay-gradient":""},"tablet":{"background-color":"var(--ast-global-color-5)","background-image":"","background-repeat":"repeat","background-position":"center center","background-size":"auto","background-attachment":"scroll","background-type":"","background-media":"","overlay-type":"","overlay-color":"","overlay-opacity":"","overlay-gradient":""},"mobile":{"background-color":"var(--ast-global-color-5)","background-image":"","background-repeat":"repeat","background-position":"center center","background-size":"auto","background-attachment":"scroll","background-type":"","background-media":"","overlay-type":"","overlay-color":"","overlay-opacity":"","overlay-gradient":""}},"footnotes":""},"categories":[59,4,1085],"tags":[133,74,470,266,167],"class_list":["post-5672","post","type-post","status-publish","format-standard","has-post-thumbnail","hentry","category-cs","category-portada","category-teatre","tag-6e","tag-cicle-superior","tag-curs-2021-22","tag-expressio-oral","tag-teatre"],"post_mailing_queue_ids":[],"_links":{"self":[{"href":"https:\/\/agora.xtec.cat\/ceipfmacia\/wp-json\/wp\/v2\/posts\/5672","targetHints":{"allow":["GET"]}}],"collection":[{"href":"https:\/\/agora.xtec.cat\/ceipfmacia\/wp-json\/wp\/v2\/posts"}],"about":[{"href":"https:\/\/agora.xtec.cat\/ceipfmacia\/wp-json\/wp\/v2\/types\/post"}],"author":[{"embeddable":true,"href":"https:\/\/agora.xtec.cat\/ceipfmacia\/wp-json\/wp\/v2\/users\/1"}],"replies":[{"embeddable":true,"href":"https:\/\/agora.xtec.cat\/ceipfmacia\/wp-json\/wp\/v2\/comments?post=5672"}],"version-history":[{"count":3,"href":"https:\/\/agora.xtec.cat\/ceipfmacia\/wp-json\/wp\/v2\/posts\/5672\/revisions"}],"predecessor-version":[{"id":10380,"href":"https:\/\/agora.xtec.cat\/ceipfmacia\/wp-json\/wp\/v2\/posts\/5672\/revisions\/10380"}],"wp:featuredmedia":[{"embeddable":true,"href":"https:\/\/agora.xtec.cat\/ceipfmacia\/wp-json\/wp\/v2\/media\/5681"}],"wp:attachment":[{"href":"https:\/\/agora.xtec.cat\/ceipfmacia\/wp-json\/wp\/v2\/media?parent=5672"}],"wp:term":[{"taxonomy":"category","embeddable":true,"href":"https:\/\/agora.xtec.cat\/ceipfmacia\/wp-json\/wp\/v2\/categories?post=5672"},{"taxonomy":"post_tag","embeddable":true,"href":"https:\/\/agora.xtec.cat\/ceipfmacia\/wp-json\/wp\/v2\/tags?post=5672"}],"curies":[{"name":"wp","href":"https:\/\/api.w.org\/{rel}","templated":true}]}}