{"id":4672,"date":"2021-05-11T19:23:11","date_gmt":"2021-05-11T17:23:11","guid":{"rendered":"http:\/\/agora.xtec.cat\/ceipfmacia\/?p=4672"},"modified":"2021-05-11T19:23:44","modified_gmt":"2021-05-11T17:23:44","slug":"2n-colonies-a-mas-pujolar","status":"publish","type":"post","link":"https:\/\/agora.xtec.cat\/ceipfmacia\/portada\/2n-colonies-a-mas-pujolar\/","title":{"rendered":"2n- Col\u00f2nies a Mas Pujolar"},"content":{"rendered":"<p style=\"text-align: justify;\">Com ja sabeu, els i es alumnes de 2n de primaria van anar de col\u00f2nies a Viladau. Durant l\u2019estada van anar apareixent diferents missatges d\u2019en Serrallonga, el bandoler m\u00e9s fam\u00f3s de tots els temps, nascut a Viladrau, i ens va explicar com fer una antiga poci\u00f3 secreta, que torna forts i valents a aquells que la beguin.<\/p>\n<p style=\"text-align: justify;\">Tamb\u00e9 vam recorre el bosc per tal de descobrir com algunes plantes del Montseny es preparen per tal de guarir algun mal. Ven poder con\u00e8ixer com ha estat la relaci\u00f3 entre l\u2019home i el bosc en aquest aspecte, en diferents moments de la hist\u00f2ria. Doncs, el saber popular, a vegades ha estat a punt de desapar\u00e8ixer&#8230;<\/p>\n<p style=\"text-align: justify;\">La primera nit, en silenci i amb les llanternes, vam sortir a un bosc proper de la casa. Un grup d&#8217;alumnes van atacar una torre d&#8217;un castell (on hi havia amagada alguna cosa) i un segon van ser els defensors.<\/p>\n<p style=\"text-align: justify;\">Com podeu veure, no vam parar en tot el dia! Vam arribar molt cansats per\u00f2 vam poder gaudir molt en un entorn magn\u00edfic.<\/p>\n<div class=\"ast-oembed-container \" style=\"height: 100%;\"><iframe loading=\"lazy\" title=\"2n - Col\u00f2nies a Mas Pujolar (Viladrau)\" width=\"500\" height=\"281\" src=\"https:\/\/www.youtube.com\/embed\/HlAwt_NSp1g?feature=oembed\" frameborder=\"0\" allow=\"accelerometer; autoplay; clipboard-write; encrypted-media; gyroscope; picture-in-picture; web-share\" referrerpolicy=\"strict-origin-when-cross-origin\" allowfullscreen><\/iframe><\/div>\n","protected":false},"excerpt":{"rendered":"<p>Com ja sabeu, els i es alumnes de 2n de primaria van anar de col\u00f2nies a Viladau. Durant l\u2019estada van anar apareixent diferents missatges d\u2019en Serrallonga, el bandoler m\u00e9s fam\u00f3s de tots els temps, nascut a Viladrau, i ens va explicar com fer una antiga poci\u00f3 secreta, que torna forts i valents a aquells que [&hellip;]<\/p>\n","protected":false},"author":1,"featured_media":4674,"comment_status":"open","ping_status":"closed","sticky":false,"template":"","format":"standard","meta":{"_bbp_topic_count":0,"_bbp_reply_count":0,"_bbp_total_topic_count":0,"_bbp_total_reply_count":0,"_bbp_voice_count":0,"_bbp_anonymous_reply_count":0,"_bbp_topic_count_hidden":0,"_bbp_reply_count_hidden":0,"_bbp_forum_subforum_count":0,"site-sidebar-layout":"default","site-content-layout":"","ast-site-content-layout":"","site-content-style":"default","site-sidebar-style":"default","ast-global-header-display":"","ast-banner-title-visibility":"","ast-main-header-display":"","ast-hfb-above-header-display":"","ast-hfb-below-header-display":"","ast-hfb-mobile-header-display":"","site-post-title":"","ast-breadcrumbs-content":"","ast-featured-img":"","footer-sml-layout":"","theme-transparent-header-meta":"","adv-header-id-meta":"","stick-header-meta":"","header-above-stick-meta":"","header-main-stick-meta":"","header-below-stick-meta":"","astra-migrate-meta-layouts":"default","ast-page-background-enabled":"default","ast-page-background-meta":{"desktop":{"background-color":"var(--ast-global-color-4)","background-image":"","background-repeat":"repeat","background-position":"center center","background-size":"auto","background-attachment":"scroll","background-type":"","background-media":"","overlay-type":"","overlay-color":"","overlay-opacity":"","overlay-gradient":""},"tablet":{"background-color":"","background-image":"","background-repeat":"repeat","background-position":"center center","background-size":"auto","background-attachment":"scroll","background-type":"","background-media":"","overlay-type":"","overlay-color":"","overlay-opacity":"","overlay-gradient":""},"mobile":{"background-color":"","background-image":"","background-repeat":"repeat","background-position":"center center","background-size":"auto","background-attachment":"scroll","background-type":"","background-media":"","overlay-type":"","overlay-color":"","overlay-opacity":"","overlay-gradient":""}},"ast-content-background-meta":{"desktop":{"background-color":"var(--ast-global-color-5)","background-image":"","background-repeat":"repeat","background-position":"center center","background-size":"auto","background-attachment":"scroll","background-type":"","background-media":"","overlay-type":"","overlay-color":"","overlay-opacity":"","overlay-gradient":""},"tablet":{"background-color":"var(--ast-global-color-5)","background-image":"","background-repeat":"repeat","background-position":"center center","background-size":"auto","background-attachment":"scroll","background-type":"","background-media":"","overlay-type":"","overlay-color":"","overlay-opacity":"","overlay-gradient":""},"mobile":{"background-color":"var(--ast-global-color-5)","background-image":"","background-repeat":"repeat","background-position":"center center","background-size":"auto","background-attachment":"scroll","background-type":"","background-media":"","overlay-type":"","overlay-color":"","overlay-opacity":"","overlay-gradient":""}},"footnotes":""},"categories":[57,4],"tags":[154,71,152,427,16],"class_list":["post-4672","post","type-post","status-publish","format-standard","has-post-thumbnail","hentry","category-ci","category-portada","tag-2n","tag-cicle-inicial","tag-colonies","tag-curs-2020-21","tag-sortides"],"post_mailing_queue_ids":[],"_links":{"self":[{"href":"https:\/\/agora.xtec.cat\/ceipfmacia\/wp-json\/wp\/v2\/posts\/4672","targetHints":{"allow":["GET"]}}],"collection":[{"href":"https:\/\/agora.xtec.cat\/ceipfmacia\/wp-json\/wp\/v2\/posts"}],"about":[{"href":"https:\/\/agora.xtec.cat\/ceipfmacia\/wp-json\/wp\/v2\/types\/post"}],"author":[{"embeddable":true,"href":"https:\/\/agora.xtec.cat\/ceipfmacia\/wp-json\/wp\/v2\/users\/1"}],"replies":[{"embeddable":true,"href":"https:\/\/agora.xtec.cat\/ceipfmacia\/wp-json\/wp\/v2\/comments?post=4672"}],"version-history":[{"count":1,"href":"https:\/\/agora.xtec.cat\/ceipfmacia\/wp-json\/wp\/v2\/posts\/4672\/revisions"}],"predecessor-version":[{"id":4673,"href":"https:\/\/agora.xtec.cat\/ceipfmacia\/wp-json\/wp\/v2\/posts\/4672\/revisions\/4673"}],"wp:featuredmedia":[{"embeddable":true,"href":"https:\/\/agora.xtec.cat\/ceipfmacia\/wp-json\/wp\/v2\/media\/4674"}],"wp:attachment":[{"href":"https:\/\/agora.xtec.cat\/ceipfmacia\/wp-json\/wp\/v2\/media?parent=4672"}],"wp:term":[{"taxonomy":"category","embeddable":true,"href":"https:\/\/agora.xtec.cat\/ceipfmacia\/wp-json\/wp\/v2\/categories?post=4672"},{"taxonomy":"post_tag","embeddable":true,"href":"https:\/\/agora.xtec.cat\/ceipfmacia\/wp-json\/wp\/v2\/tags?post=4672"}],"curies":[{"name":"wp","href":"https:\/\/api.w.org\/{rel}","templated":true}]}}