{"id":1466,"date":"2017-11-23T11:41:59","date_gmt":"2017-11-23T10:41:59","guid":{"rendered":"http:\/\/agora.xtec.cat\/ceipfmacia\/?p=1466"},"modified":"2017-11-23T11:41:59","modified_gmt":"2017-11-23T10:41:59","slug":"fem-1000-origamis-per-a-la-marato-de-tv3","status":"publish","type":"post","link":"https:\/\/agora.xtec.cat\/ceipfmacia\/portada\/fem-1000-origamis-per-a-la-marato-de-tv3\/","title":{"rendered":"Fem 1000 origamis per a la Marat\u00f3 de TV3?"},"content":{"rendered":"<p>Benvolgudes fam\u00edlies,<\/p>\n<div><\/div>\n<div>Enguany la Marat\u00f3 destinar\u00e0 els seus esfor\u00e7os en benefici de les malalties infeccioses.<\/div>\n<div><\/div>\n<div>Des de l&#8217;escola i a proposta d&#8217;una mare del centre, i d&#8217;acord amb la M\u00fatua General de Catalunya amb l&#8217;objectiu de sensibilitzar els nostres alumnes participem com ho venim fent des de fa tres anys en la campanya &#8221; Un Origami un Euro&#8221;.<\/div>\n<div><\/div>\n<div>Fent una Grua d&#8217;Origami (i tantes com volgueu fer-ne), que \u00e9s el que els vostres fills us han portat avui, aconseguim un euro que el paga la Fundaci\u00f3 M\u00fatua General de Catalunya.<\/div>\n<div><\/div>\n<div>Quantes m\u00e9s Grues Origamis, m\u00e9s euros.<\/div>\n<div><\/div>\n<div><span style=\"color: #ff0000; font-size: large;\">ENS ELS HEU DE PORTAR A L&#8217;ESCOLA ABANS DE\u00a0<u>L&#8217;1 DE DESEMBRE<\/u><\/span><\/div>\n<div><\/div>\n<div>\n<div>En paral\u00b7lel a l&#8217;AMPA es faran una s\u00e8rie d&#8217;activitats:<\/div>\n<div><\/div>\n<div>DIJOUS, 23 DE NOVEMBRE DE 2017:\u00a0 Taller d&#8217;Origamis a la biblioteca de l&#8217;escola<\/div>\n<div>DIVENDRES, 1 DE DESEMBRE:\u00a0 \u00a0 \u00a0 \u00a0 \u00a0 \u00a0 HORA DEL CONTE ESPECIAL: Un conte tradicional japon\u00e8s a l&#8217;entrada de l&#8217;escola.<\/div>\n<div><\/div>\n<\/div>\n<div><\/div>\n<div><\/div>\n","protected":false},"excerpt":{"rendered":"<p>Benvolgudes fam\u00edlies, Enguany la Marat\u00f3 destinar\u00e0 els seus esfor\u00e7os en benefici de les malalties infeccioses. Des de l&#8217;escola i a proposta d&#8217;una mare del centre, i d&#8217;acord amb la M\u00fatua General de Catalunya amb l&#8217;objectiu de sensibilitzar els nostres alumnes participem com ho venim fent des de fa tres anys en la campanya &#8221; Un [&hellip;]<\/p>\n","protected":false},"author":1,"featured_media":1467,"comment_status":"open","ping_status":"closed","sticky":false,"template":"","format":"standard","meta":{"_bbp_topic_count":0,"_bbp_reply_count":0,"_bbp_total_topic_count":0,"_bbp_total_reply_count":0,"_bbp_voice_count":0,"_bbp_anonymous_reply_count":0,"_bbp_topic_count_hidden":0,"_bbp_reply_count_hidden":0,"_bbp_forum_subforum_count":0,"site-sidebar-layout":"default","site-content-layout":"","ast-site-content-layout":"","site-content-style":"default","site-sidebar-style":"default","ast-global-header-display":"","ast-banner-title-visibility":"","ast-main-header-display":"","ast-hfb-above-header-display":"","ast-hfb-below-header-display":"","ast-hfb-mobile-header-display":"","site-post-title":"","ast-breadcrumbs-content":"","ast-featured-img":"","footer-sml-layout":"","theme-transparent-header-meta":"","adv-header-id-meta":"","stick-header-meta":"","header-above-stick-meta":"","header-main-stick-meta":"","header-below-stick-meta":"","astra-migrate-meta-layouts":"default","ast-page-background-enabled":"default","ast-page-background-meta":{"desktop":{"background-color":"var(--ast-global-color-4)","background-image":"","background-repeat":"repeat","background-position":"center center","background-size":"auto","background-attachment":"scroll","background-type":"","background-media":"","overlay-type":"","overlay-color":"","overlay-opacity":"","overlay-gradient":""},"tablet":{"background-color":"","background-image":"","background-repeat":"repeat","background-position":"center center","background-size":"auto","background-attachment":"scroll","background-type":"","background-media":"","overlay-type":"","overlay-color":"","overlay-opacity":"","overlay-gradient":""},"mobile":{"background-color":"","background-image":"","background-repeat":"repeat","background-position":"center center","background-size":"auto","background-attachment":"scroll","background-type":"","background-media":"","overlay-type":"","overlay-color":"","overlay-opacity":"","overlay-gradient":""}},"ast-content-background-meta":{"desktop":{"background-color":"var(--ast-global-color-5)","background-image":"","background-repeat":"repeat","background-position":"center center","background-size":"auto","background-attachment":"scroll","background-type":"","background-media":"","overlay-type":"","overlay-color":"","overlay-opacity":"","overlay-gradient":""},"tablet":{"background-color":"var(--ast-global-color-5)","background-image":"","background-repeat":"repeat","background-position":"center center","background-size":"auto","background-attachment":"scroll","background-type":"","background-media":"","overlay-type":"","overlay-color":"","overlay-opacity":"","overlay-gradient":""},"mobile":{"background-color":"var(--ast-global-color-5)","background-image":"","background-repeat":"repeat","background-position":"center center","background-size":"auto","background-attachment":"scroll","background-type":"","background-media":"","overlay-type":"","overlay-color":"","overlay-opacity":"","overlay-gradient":""}},"footnotes":""},"categories":[67,4],"tags":[160,78,214,213,175,215],"class_list":["post-1466","post","type-post","status-publish","format-standard","has-post-thumbnail","hentry","category-festes","category-portada","tag-ampa","tag-escola","tag-marato","tag-origami","tag-solidaritat","tag-tv3"],"post_mailing_queue_ids":[],"_links":{"self":[{"href":"https:\/\/agora.xtec.cat\/ceipfmacia\/wp-json\/wp\/v2\/posts\/1466","targetHints":{"allow":["GET"]}}],"collection":[{"href":"https:\/\/agora.xtec.cat\/ceipfmacia\/wp-json\/wp\/v2\/posts"}],"about":[{"href":"https:\/\/agora.xtec.cat\/ceipfmacia\/wp-json\/wp\/v2\/types\/post"}],"author":[{"embeddable":true,"href":"https:\/\/agora.xtec.cat\/ceipfmacia\/wp-json\/wp\/v2\/users\/1"}],"replies":[{"embeddable":true,"href":"https:\/\/agora.xtec.cat\/ceipfmacia\/wp-json\/wp\/v2\/comments?post=1466"}],"version-history":[{"count":1,"href":"https:\/\/agora.xtec.cat\/ceipfmacia\/wp-json\/wp\/v2\/posts\/1466\/revisions"}],"predecessor-version":[{"id":1468,"href":"https:\/\/agora.xtec.cat\/ceipfmacia\/wp-json\/wp\/v2\/posts\/1466\/revisions\/1468"}],"wp:featuredmedia":[{"embeddable":true,"href":"https:\/\/agora.xtec.cat\/ceipfmacia\/wp-json\/wp\/v2\/media\/1467"}],"wp:attachment":[{"href":"https:\/\/agora.xtec.cat\/ceipfmacia\/wp-json\/wp\/v2\/media?parent=1466"}],"wp:term":[{"taxonomy":"category","embeddable":true,"href":"https:\/\/agora.xtec.cat\/ceipfmacia\/wp-json\/wp\/v2\/categories?post=1466"},{"taxonomy":"post_tag","embeddable":true,"href":"https:\/\/agora.xtec.cat\/ceipfmacia\/wp-json\/wp\/v2\/tags?post=1466"}],"curies":[{"name":"wp","href":"https:\/\/api.w.org\/{rel}","templated":true}]}}