{"id":806,"date":"2020-03-12T15:55:15","date_gmt":"2020-03-12T14:55:15","guid":{"rendered":"https:\/\/agora.xtec.cat\/ceipfmacia-orrius\/?p=806"},"modified":"2020-03-12T15:57:02","modified_gmt":"2020-03-12T14:57:02","slug":"ordre-de-tancament-del-centre","status":"publish","type":"post","link":"https:\/\/agora.xtec.cat\/ceipfmacia-orrius\/infantil\/maons\/ordre-de-tancament-del-centre\/","title":{"rendered":"Ordre de tancament del centre"},"content":{"rendered":"<div dir=\"ltr\">Adjuntem carta del Departament amb la decisi\u00f3 que els centre educatius de Catalunya romandran tancats des del divendres dia 13 fins al 27 de mar\u00e7.<\/div>\n<div dir=\"ltr\"><\/div>\n<div dir=\"ltr\">Tanmateix, durant els dies vinents <span class=\"hiddenGrammarError\">ens adre\u00e7arem<\/span> a vosaltres per tal de fer l&#8217;acompanyament acad\u00e8mic dels vostres fills i filles. Esteu atents tant al vostre correu electr\u00f2nic com els dels nens i nenes de cicle mitj\u00e0 i superior donat que us adre\u00e7arem algunes tasques a fer durant aquests dies.<\/div>\n<div dir=\"ltr\"><\/div>\n<p><a href=\"https:\/\/agora.xtec.cat\/ceipfmacia-orrius\/wp-content\/uploads\/usu2067\/2020\/03\/Informaci\u00f3-ordre-de-tancament.pdf\">Informaci\u00f3 ordre de tancament<\/a><\/p>\n","protected":false},"excerpt":{"rendered":"<p>Adjuntem carta del Departament amb la decisi\u00f3 que els centre educatius de Catalunya romandran tancats des del divendres dia 13 fins al 27 de mar\u00e7.<\/p>\n<p>Tanmateix, durant els dies vinents ens adre\u00e7arem a vosaltres per tal de fer l&#8217;acompanyament acad\u00e8mic dels vostres fills i filles. Esteu&hellip;  <a href=\"https:\/\/agora.xtec.cat\/ceipfmacia-orrius\/infantil\/maons\/ordre-de-tancament-del-centre\/\" title=\"Read Ordre de tancament del centre\">Llegeix m\u00e9s\u00bb<\/a><\/p>\n","protected":false},"author":1,"featured_media":0,"comment_status":"open","ping_status":"closed","sticky":false,"template":"","format":"standard","meta":{"_bbp_topic_count":0,"_bbp_reply_count":0,"_bbp_total_topic_count":0,"_bbp_total_reply_count":0,"_bbp_voice_count":0,"_bbp_anonymous_reply_count":0,"_bbp_topic_count_hidden":0,"_bbp_reply_count_hidden":0,"_bbp_forum_subforum_count":0,"footnotes":""},"categories":[10,12,3,13,8,14,4],"tags":[],"class_list":["post-806","post","type-post","status-publish","format-standard","hentry","category-anelles-olimpiques","category-llops","category-maons","category-mascotes-olimpiques","category-aquatics-infantil","category-porcs-senglars","category-portada"],"post_mailing_queue_ids":[],"_links":{"self":[{"href":"https:\/\/agora.xtec.cat\/ceipfmacia-orrius\/wp-json\/wp\/v2\/posts\/806","targetHints":{"allow":["GET"]}}],"collection":[{"href":"https:\/\/agora.xtec.cat\/ceipfmacia-orrius\/wp-json\/wp\/v2\/posts"}],"about":[{"href":"https:\/\/agora.xtec.cat\/ceipfmacia-orrius\/wp-json\/wp\/v2\/types\/post"}],"author":[{"embeddable":true,"href":"https:\/\/agora.xtec.cat\/ceipfmacia-orrius\/wp-json\/wp\/v2\/users\/1"}],"replies":[{"embeddable":true,"href":"https:\/\/agora.xtec.cat\/ceipfmacia-orrius\/wp-json\/wp\/v2\/comments?post=806"}],"version-history":[{"count":1,"href":"https:\/\/agora.xtec.cat\/ceipfmacia-orrius\/wp-json\/wp\/v2\/posts\/806\/revisions"}],"predecessor-version":[{"id":808,"href":"https:\/\/agora.xtec.cat\/ceipfmacia-orrius\/wp-json\/wp\/v2\/posts\/806\/revisions\/808"}],"wp:attachment":[{"href":"https:\/\/agora.xtec.cat\/ceipfmacia-orrius\/wp-json\/wp\/v2\/media?parent=806"}],"wp:term":[{"taxonomy":"category","embeddable":true,"href":"https:\/\/agora.xtec.cat\/ceipfmacia-orrius\/wp-json\/wp\/v2\/categories?post=806"},{"taxonomy":"post_tag","embeddable":true,"href":"https:\/\/agora.xtec.cat\/ceipfmacia-orrius\/wp-json\/wp\/v2\/tags?post=806"}],"curies":[{"name":"wp","href":"https:\/\/api.w.org\/{rel}","templated":true}]}}