{"id":803,"date":"2020-03-12T10:47:51","date_gmt":"2020-03-12T09:47:51","guid":{"rendered":"https:\/\/agora.xtec.cat\/ceipfmacia-orrius\/?p=803"},"modified":"2020-03-12T10:47:51","modified_gmt":"2020-03-12T09:47:51","slug":"actuacions-al-voltant-del-tema-del-coronavirus","status":"publish","type":"post","link":"https:\/\/agora.xtec.cat\/ceipfmacia-orrius\/infantil\/maons\/actuacions-al-voltant-del-tema-del-coronavirus\/","title":{"rendered":"Actuacions al voltant del tema del Coronavirus"},"content":{"rendered":"<p>A l\u2019escola, com altres temes, tamb\u00e9 ha arribat la preocupaci\u00f3 d\u2019alumnes, mestres i fam\u00edlies per l\u2019aparici\u00f3 dels primers casos d\u2019afectats pel Coronavirus. Aix\u00ed, de forma diferent segons cada grup, hem estat comentant aquesta preocupaci\u00f3.<\/p>\n<p>Volem compartir amb vosaltres part de la tasca que hem fet a les aules per treballar un tema com aquest.<\/p>\n<p>Per una banda hem buscat informaci\u00f3, ja que \u00e9s important saber sobre qu\u00e8 parlem per tal de poder actuar amb mesura i conseq\u00fc\u00e8ncia. Alhora hem estat parlant de la import\u00e0ncia de consultar fonts fiables i de contrastar les informacions. En aquest sentit us recomanem algunes fonts d\u2019informaci\u00f3:<\/p>\n<ul>\n<li><a href=\"https:\/\/www.ccma.cat\/tv3\/super3\/infok\/infok-26022020\/video\/6032280\/\" data-saferedirecturl=\"https:\/\/www.google.com\/url?q=https:\/\/www.ccma.cat\/tv3\/super3\/infok\/infok-26022020\/video\/6032280\/&amp;source=gmail&amp;ust=1584091939324000&amp;usg=AFQjCNGzqvdOk3RL1Y6C6zOmhk04cjZ2KA\">L\u2019infok sobre el Coronavirus<\/a> que es va emetre quan van apar\u00e8ixer els primers casos a Catalunya. A la web del info k trobareu altres clips que tracten algun aspecte concret sobre el tema.<\/li>\n<\/ul>\n<p><iframe loading=\"lazy\" src=\"https:\/\/www.ccma.cat\/video\/embed\/super3\/6032280\/\" width=\"500px\" height=\"281px\" frameborder=\"0\"><\/iframe><\/p>\n<ul>\n<li><a href=\"https:\/\/www.ccma.cat\/tv3\/alacarta\/programa\/especial-coronavirus-10032020\/video\/6034548\/\" data-saferedirecturl=\"https:\/\/www.google.com\/url?q=https:\/\/www.ccma.cat\/tv3\/alacarta\/programa\/especial-coronavirus-10032020\/video\/6034548\/&amp;source=gmail&amp;ust=1584091939324000&amp;usg=AFQjCNFdGw3rHrW1PX95FWYgG6tpcRBlLQ\">El programa \u201cel nou Coronavirus\u201d de TV3<\/a> em\u00e8s el dia 10 de mar\u00e7 .<\/li>\n<li><a href=\"http:\/\/canalsalut.gencat.cat\/ca\/salut-a-z\/c\/coronavirus-2019-ncov\/material-divulgatiu\/\" data-saferedirecturl=\"https:\/\/www.google.com\/url?q=http:\/\/canalsalut.gencat.cat\/ca\/salut-a-z\/c\/coronavirus-2019-ncov\/material-divulgatiu\/&amp;source=gmail&amp;ust=1584091939324000&amp;usg=AFQjCNFsg9mPZRmbkkrxHZ3yC0awEFfaSg\">La informaci\u00f3 que ens fa arribar el Departament de Sanitat<\/a>.<\/li>\n<li><a href=\"http:\/\/ensenyament.gencat.cat\/ca\/inici\/nota-premsa\/?id=383825\" data-saferedirecturl=\"https:\/\/www.google.com\/url?q=http:\/\/ensenyament.gencat.cat\/ca\/inici\/nota-premsa\/?id%3D383825&amp;source=gmail&amp;ust=1584091939324000&amp;usg=AFQjCNEIJw2xf5QIqWjdvitb-vbZfFPRGQ\">Comunicat del Departament d\u2019Educaci\u00f3<\/a>.<\/li>\n<\/ul>\n<p>Tamb\u00e9 volem comentar que estem seguint les indicacions que ens fa el Departament d\u2019Educaci\u00f3 sobre les mesures que cal anar aplicant.<\/p>\n<ul>\n<li>Rentar-se sovint les mans de forma intensiva amb sab\u00f3 o algun altre producte desinfectant com l\u2019alcohol. i procurar de netejar sovint les superf\u00edcies i materials d&#8217;us habitual.<\/li>\n<li>Si tossiu o esternudeu, tapeu-vos la boca i el nas amb mocadors d\u2019un sol \u00fas o amb la cara interna del colze i despr\u00e9s renteu-vos les mans.<\/li>\n<li>Suspendre la participaci\u00f3 en activitats extraescolars o no curriculars que es facin amb la participaci\u00f3 de diverses escoles.<\/li>\n<\/ul>\n<p>Us demanem que seguiu els canals de comunicaci\u00f3 del centre (mail, twitter o p\u00e0gina web) per estar informats de possibles noves mesures.<\/p>\n","protected":false},"excerpt":{"rendered":"<p>A l\u2019escola, com altres temes, tamb\u00e9 ha arribat la preocupaci\u00f3 d\u2019alumnes, mestres i fam\u00edlies per l\u2019aparici\u00f3 dels primers casos d\u2019afectats pel Coronavirus. Aix\u00ed, de forma diferent segons cada grup, hem estat comentant aquesta preocupaci\u00f3.<br \/>\nVolem compartir amb vosaltres part de la tasca que hem fet a&hellip;  <a href=\"https:\/\/agora.xtec.cat\/ceipfmacia-orrius\/infantil\/maons\/actuacions-al-voltant-del-tema-del-coronavirus\/\" title=\"Read Actuacions al voltant del tema del Coronavirus\">Llegeix m\u00e9s\u00bb<\/a><\/p>\n","protected":false},"author":1,"featured_media":0,"comment_status":"open","ping_status":"closed","sticky":false,"template":"","format":"standard","meta":{"_bbp_topic_count":0,"_bbp_reply_count":0,"_bbp_total_topic_count":0,"_bbp_total_reply_count":0,"_bbp_voice_count":0,"_bbp_anonymous_reply_count":0,"_bbp_topic_count_hidden":0,"_bbp_reply_count_hidden":0,"_bbp_forum_subforum_count":0,"footnotes":""},"categories":[10,12,3,13,8,14,4],"tags":[],"class_list":["post-803","post","type-post","status-publish","format-standard","hentry","category-anelles-olimpiques","category-llops","category-maons","category-mascotes-olimpiques","category-aquatics-infantil","category-porcs-senglars","category-portada"],"post_mailing_queue_ids":[],"_links":{"self":[{"href":"https:\/\/agora.xtec.cat\/ceipfmacia-orrius\/wp-json\/wp\/v2\/posts\/803","targetHints":{"allow":["GET"]}}],"collection":[{"href":"https:\/\/agora.xtec.cat\/ceipfmacia-orrius\/wp-json\/wp\/v2\/posts"}],"about":[{"href":"https:\/\/agora.xtec.cat\/ceipfmacia-orrius\/wp-json\/wp\/v2\/types\/post"}],"author":[{"embeddable":true,"href":"https:\/\/agora.xtec.cat\/ceipfmacia-orrius\/wp-json\/wp\/v2\/users\/1"}],"replies":[{"embeddable":true,"href":"https:\/\/agora.xtec.cat\/ceipfmacia-orrius\/wp-json\/wp\/v2\/comments?post=803"}],"version-history":[{"count":2,"href":"https:\/\/agora.xtec.cat\/ceipfmacia-orrius\/wp-json\/wp\/v2\/posts\/803\/revisions"}],"predecessor-version":[{"id":805,"href":"https:\/\/agora.xtec.cat\/ceipfmacia-orrius\/wp-json\/wp\/v2\/posts\/803\/revisions\/805"}],"wp:attachment":[{"href":"https:\/\/agora.xtec.cat\/ceipfmacia-orrius\/wp-json\/wp\/v2\/media?parent=803"}],"wp:term":[{"taxonomy":"category","embeddable":true,"href":"https:\/\/agora.xtec.cat\/ceipfmacia-orrius\/wp-json\/wp\/v2\/categories?post=803"},{"taxonomy":"post_tag","embeddable":true,"href":"https:\/\/agora.xtec.cat\/ceipfmacia-orrius\/wp-json\/wp\/v2\/tags?post=803"}],"curies":[{"name":"wp","href":"https:\/\/api.w.org\/{rel}","templated":true}]}}