{"id":800,"date":"2020-02-27T13:20:57","date_gmt":"2020-02-27T12:20:57","guid":{"rendered":"https:\/\/agora.xtec.cat\/ceipfmacia-orrius\/?p=800"},"modified":"2020-02-27T13:20:57","modified_gmt":"2020-02-27T12:20:57","slug":"xerrada-sobre-el-canvi-climatic","status":"publish","type":"post","link":"https:\/\/agora.xtec.cat\/ceipfmacia-orrius\/portada\/xerrada-sobre-el-canvi-climatic\/","title":{"rendered":"Xerrada sobre el canvi clim\u00e0tic"},"content":{"rendered":"<div>Volem informar-vos que el <b>dijous 5 de mar\u00e7 de 17 a 18h l&#8217;alumnat de cicle superior realitzar\u00e0 una xerrada sobre l&#8217;emerg\u00e8ncia clim\u00e0tica <\/b>com a producte final del seu projecte.<\/div>\n<div>El lloc ser\u00e0 a la sala polivalent de l&#8217;escola.<\/div>\n<div><\/div>\n<div>Esteu tots i totes convidats a venir!<\/div>\n<div><\/div>\n<div><\/div>\n<p><iframe loading=\"lazy\" title=\"Anunci emerg\u00e8ncia clim\u00e0tica\" width=\"500\" height=\"281\" src=\"https:\/\/www.youtube.com\/embed\/pwSKoXAAFE4?feature=oembed\" frameborder=\"0\" allow=\"accelerometer; autoplay; clipboard-write; encrypted-media; gyroscope; picture-in-picture; web-share\" referrerpolicy=\"strict-origin-when-cross-origin\" allowfullscreen><\/iframe><\/p>\n","protected":false},"excerpt":{"rendered":"<p>Volem informar-vos que el dijous 5 de mar\u00e7 de 17 a 18h l&#8217;alumnat de cicle superior realitzar\u00e0 una xerrada sobre l&#8217;emerg\u00e8ncia clim\u00e0tica com a producte final del seu projecte.<br \/>\nEl lloc ser\u00e0 a la sala polivalent de l&#8217;escola.<\/p>\n<p>Esteu tots i totes convidats a venir!<\/p>\n","protected":false},"author":1,"featured_media":801,"comment_status":"open","ping_status":"closed","sticky":false,"template":"","format":"standard","meta":{"_bbp_topic_count":0,"_bbp_reply_count":0,"_bbp_total_topic_count":0,"_bbp_total_reply_count":0,"_bbp_voice_count":0,"_bbp_anonymous_reply_count":0,"_bbp_topic_count_hidden":0,"_bbp_reply_count_hidden":0,"_bbp_forum_subforum_count":0,"footnotes":""},"categories":[14,4],"tags":[],"class_list":["post-800","post","type-post","status-publish","format-standard","has-post-thumbnail","hentry","category-porcs-senglars","category-portada"],"post_mailing_queue_ids":[],"_links":{"self":[{"href":"https:\/\/agora.xtec.cat\/ceipfmacia-orrius\/wp-json\/wp\/v2\/posts\/800","targetHints":{"allow":["GET"]}}],"collection":[{"href":"https:\/\/agora.xtec.cat\/ceipfmacia-orrius\/wp-json\/wp\/v2\/posts"}],"about":[{"href":"https:\/\/agora.xtec.cat\/ceipfmacia-orrius\/wp-json\/wp\/v2\/types\/post"}],"author":[{"embeddable":true,"href":"https:\/\/agora.xtec.cat\/ceipfmacia-orrius\/wp-json\/wp\/v2\/users\/1"}],"replies":[{"embeddable":true,"href":"https:\/\/agora.xtec.cat\/ceipfmacia-orrius\/wp-json\/wp\/v2\/comments?post=800"}],"version-history":[{"count":1,"href":"https:\/\/agora.xtec.cat\/ceipfmacia-orrius\/wp-json\/wp\/v2\/posts\/800\/revisions"}],"predecessor-version":[{"id":802,"href":"https:\/\/agora.xtec.cat\/ceipfmacia-orrius\/wp-json\/wp\/v2\/posts\/800\/revisions\/802"}],"wp:featuredmedia":[{"embeddable":true,"href":"https:\/\/agora.xtec.cat\/ceipfmacia-orrius\/wp-json\/wp\/v2\/media\/801"}],"wp:attachment":[{"href":"https:\/\/agora.xtec.cat\/ceipfmacia-orrius\/wp-json\/wp\/v2\/media?parent=800"}],"wp:term":[{"taxonomy":"category","embeddable":true,"href":"https:\/\/agora.xtec.cat\/ceipfmacia-orrius\/wp-json\/wp\/v2\/categories?post=800"},{"taxonomy":"post_tag","embeddable":true,"href":"https:\/\/agora.xtec.cat\/ceipfmacia-orrius\/wp-json\/wp\/v2\/tags?post=800"}],"curies":[{"name":"wp","href":"https:\/\/api.w.org\/{rel}","templated":true}]}}