{"id":795,"date":"2020-02-26T15:47:17","date_gmt":"2020-02-26T14:47:17","guid":{"rendered":"https:\/\/agora.xtec.cat\/ceipfmacia-orrius\/?p=795"},"modified":"2020-04-01T12:53:25","modified_gmt":"2020-04-01T10:53:25","slug":"portes-obertes-2020","status":"publish","type":"post","link":"https:\/\/agora.xtec.cat\/ceipfmacia-orrius\/portada\/portes-obertes-2020\/","title":{"rendered":"Portes obertes 2020"},"content":{"rendered":"<p><strong>S&#8217;ha susp\u00e8s el proc\u00e9s de preinscripci\u00f3, us informarem quan tinguem informaci\u00f3 dels terminis i forma amb qu\u00e8 es reactivar\u00e0. <\/strong><\/p>\n<p><strong>Moltes gr\u00e0cies.<\/strong><\/p>\n<p>_____________________________________________________<\/p>\n<p>&nbsp;<\/p>\n<p>Ens posem en contacte amb vosaltres per informar-vos de la nostra oferta educativa de cara al <strong>curs escolar 2020\/21<\/strong> en que el vostre fill\/a ja podr\u00e0 comen\u00e7ar l\u2019etapa d\u2019Educaci\u00f3 Infantil (P3).<\/p>\n<p>Us fem arribar un tr\u00edptic de la nostra escola i tamb\u00e9 informaci\u00f3 referent a les Jornades de Portes Obertes que enguany farem els propers dies:<\/p>\n<ul>\n<li>Dijous, 19 de mar\u00e7.\n<ul>\n<li>15:00 Visita al centre<\/li>\n<li>16:00 Xerrada informativa<\/li>\n<\/ul>\n<\/li>\n<\/ul>\n<p>Durant les portes obertes <strong>podreu entrar a les aules i veure el que s\u2019estigui fent en aquell moment<\/strong>, despr\u00e9s us informarem de Qui som? Qu\u00e8 fem? i Com ho fem? en una <strong>petita reuni\u00f3 informativa que comen\u00e7ar\u00e0 puntualment a l\u2019hora indicada.<\/strong><\/p>\n<p>Durant les Jornades de Portes Obertes intentarem resoldre tots els dubtes que tingueu i informar-vos de la <strong>singularitat del nostre Projecte Educatiu<\/strong>.<\/p>\n<p>M\u00e9s informaci\u00f3 de les preinscripcions a la <a href=\"http:\/\/queestudiar.gencat.cat\/ca\/preinscripcio\/informacio-general\/\">web del departament<\/a><\/p>\n<p><a href=\"https:\/\/agora.xtec.cat\/ceipfmacia-orrius\/wp-content\/uploads\/usu2067\/2020\/02\/portes-obertes-ajornat.jpg\"><img loading=\"lazy\" decoding=\"async\" class=\"alignnone size-medium wp-image-956\" src=\"https:\/\/agora.xtec.cat\/ceipfmacia-orrius\/wp-content\/uploads\/usu2067\/2020\/02\/portes-obertes-ajornat-213x300.jpg\" alt=\"\" width=\"213\" height=\"300\" srcset=\"https:\/\/agora.xtec.cat\/ceipfmacia-orrius\/wp-content\/uploads\/usu2067\/2020\/02\/portes-obertes-ajornat-213x300.jpg 213w, https:\/\/agora.xtec.cat\/ceipfmacia-orrius\/wp-content\/uploads\/usu2067\/2020\/02\/portes-obertes-ajornat.jpg 615w\" sizes=\"auto, (max-width: 213px) 100vw, 213px\" \/><\/a><\/p>\n","protected":false},"excerpt":{"rendered":"<p>Dijous, 19 de mar\u00e7.<br \/>\n15:00 Visita al centre<br \/>\n16:00 Xerrada informativa&hellip;  <a href=\"https:\/\/agora.xtec.cat\/ceipfmacia-orrius\/portada\/portes-obertes-2020\/\" title=\"Read Portes obertes 2020\">Llegeix m\u00e9s\u00bb<\/a><\/p>\n","protected":false},"author":1,"featured_media":956,"comment_status":"open","ping_status":"closed","sticky":false,"template":"","format":"standard","meta":{"_bbp_topic_count":0,"_bbp_reply_count":0,"_bbp_total_topic_count":0,"_bbp_total_reply_count":0,"_bbp_voice_count":0,"_bbp_anonymous_reply_count":0,"_bbp_topic_count_hidden":0,"_bbp_reply_count_hidden":0,"_bbp_forum_subforum_count":0,"footnotes":""},"categories":[4],"tags":[],"class_list":["post-795","post","type-post","status-publish","format-standard","has-post-thumbnail","hentry","category-portada"],"post_mailing_queue_ids":[],"_links":{"self":[{"href":"https:\/\/agora.xtec.cat\/ceipfmacia-orrius\/wp-json\/wp\/v2\/posts\/795","targetHints":{"allow":["GET"]}}],"collection":[{"href":"https:\/\/agora.xtec.cat\/ceipfmacia-orrius\/wp-json\/wp\/v2\/posts"}],"about":[{"href":"https:\/\/agora.xtec.cat\/ceipfmacia-orrius\/wp-json\/wp\/v2\/types\/post"}],"author":[{"embeddable":true,"href":"https:\/\/agora.xtec.cat\/ceipfmacia-orrius\/wp-json\/wp\/v2\/users\/1"}],"replies":[{"embeddable":true,"href":"https:\/\/agora.xtec.cat\/ceipfmacia-orrius\/wp-json\/wp\/v2\/comments?post=795"}],"version-history":[{"count":3,"href":"https:\/\/agora.xtec.cat\/ceipfmacia-orrius\/wp-json\/wp\/v2\/posts\/795\/revisions"}],"predecessor-version":[{"id":958,"href":"https:\/\/agora.xtec.cat\/ceipfmacia-orrius\/wp-json\/wp\/v2\/posts\/795\/revisions\/958"}],"wp:featuredmedia":[{"embeddable":true,"href":"https:\/\/agora.xtec.cat\/ceipfmacia-orrius\/wp-json\/wp\/v2\/media\/956"}],"wp:attachment":[{"href":"https:\/\/agora.xtec.cat\/ceipfmacia-orrius\/wp-json\/wp\/v2\/media?parent=795"}],"wp:term":[{"taxonomy":"category","embeddable":true,"href":"https:\/\/agora.xtec.cat\/ceipfmacia-orrius\/wp-json\/wp\/v2\/categories?post=795"},{"taxonomy":"post_tag","embeddable":true,"href":"https:\/\/agora.xtec.cat\/ceipfmacia-orrius\/wp-json\/wp\/v2\/tags?post=795"}],"curies":[{"name":"wp","href":"https:\/\/api.w.org\/{rel}","templated":true}]}}