{"id":750,"date":"2020-02-03T08:59:12","date_gmt":"2020-02-03T07:59:12","guid":{"rendered":"https:\/\/agora.xtec.cat\/ceipfmacia-orrius\/?p=750"},"modified":"2020-02-03T14:00:06","modified_gmt":"2020-02-03T13:00:06","slug":"sessio-de-qigong","status":"publish","type":"post","link":"https:\/\/agora.xtec.cat\/ceipfmacia-orrius\/ci\/anelles-olimpiques\/sessio-de-qigong\/","title":{"rendered":"Sessi\u00f3 de Qigong"},"content":{"rendered":"<p>Hola a tothom!<\/p>\n<p>El passat dijous 9 de gener la Marta Barrio, mare de l\u2019Aritz,va venir a fer-nos una sessi\u00f3 de Chi Kung\/ Quigong, qu\u00e8 b\u00e9 ens ho vam passar!<\/p>\n<p>La Marta ens va explicar qu\u00e8 significaven aquestes paraules tant dif\u00edcils per nosaltres. Ens va comentar que la paraula \u201cCHI\u201d fa refer\u00e8ncia a l\u2019energia vital del nostre cos, i \u201cKUNG\u201d significa moviment. Al comen\u00e7ament de la sessi\u00f3 ens va ensenyar la seriaci\u00f3 d\u2019exercicis que far\u00edem un a un i despr\u00e9s els vam fer. N\u2019hi havia algun de molt dif\u00edcil! El que m\u00e9s ens va agradar \u00e9s el guerrer que tira amb arc. Els noms ens van senyar molt originals! Des de la font amb els lleons, fins a la bola de drac!<\/p>\n<p>Voleu veure qu\u00e8 b\u00e9 ens ho vam passar?<\/p>\n<p>Esperem que gaudiu de les fotografies!<\/p>\n\r\n\t<div class=\"slideshow_container slideshow_container_style-light\" style=\"height: 300px; \" data-slideshow-id=\"779\" data-style-name=\"style-light\" data-style-version=\"2.3.1\" >\r\n\r\n\t\t\t\t\t<div class=\"slideshow_loading_icon\"><\/div>\r\n\t\t\r\n\t\t<div class=\"slideshow_content\" style=\"display: none;\">\r\n\r\n\t\t\t\r\n\t\t<\/div>\r\n\r\n\t\t<div class=\"slideshow_controlPanel slideshow_transparent\" style=\"display: none;\"><ul><li class=\"slideshow_togglePlay\" data-play-text=\"Visualitza\" data-pause-text=\"Pausa\"><\/li><\/ul><\/div>\r\n\r\n\t\t<div class=\"slideshow_button slideshow_previous slideshow_transparent\" role=\"button\" data-previous-text=\"Anterior\" style=\"display: none;\"><\/div>\r\n\t\t<div class=\"slideshow_button slideshow_next slideshow_transparent\" role=\"button\" data-next-text=\"Seg\u00fcent\" style=\"display: none;\"><\/div>\r\n\r\n\t\t<div class=\"slideshow_pagination\" style=\"display: none;\" data-go-to-text=\"V\u00e9s a la diapositiva\"><div class=\"slideshow_pagination_center\"><\/div><\/div>\r\n\r\n\t\t<!-- WordPress Slideshow Version 2.3.1 -->\r\n\r\n\t\t\t\t<!-- Error log\r\n\t\t\t\t\t- No slides were found\t\t\t\t-->\r\n\t\t\t<\/div>\r\n\r\n\n<p>Fins aviat!<\/p>\n","protected":false},"excerpt":{"rendered":"<p>Hola a tothom!<br \/>\nEl passat dijous 9 de gener la Marta Barrio, mare de l\u2019Aritz,va venir a fer-nos una sessi\u00f3 de Chi Kung\/ Quigong, qu\u00e8 b\u00e9 ens ho vam passar!<br \/>\nLa Marta ens va explicar qu\u00e8 significaven aquestes paraules tant dif\u00edcils per nosaltres. Ens va comentar que&hellip;  <a href=\"https:\/\/agora.xtec.cat\/ceipfmacia-orrius\/ci\/anelles-olimpiques\/sessio-de-qigong\/\" title=\"Read Sessi\u00f3 de Qigong\">Llegeix m\u00e9s\u00bb<\/a><\/p>\n","protected":false},"author":1,"featured_media":760,"comment_status":"open","ping_status":"closed","sticky":false,"template":"","format":"standard","meta":{"_bbp_topic_count":0,"_bbp_reply_count":0,"_bbp_total_topic_count":0,"_bbp_total_reply_count":0,"_bbp_voice_count":0,"_bbp_anonymous_reply_count":0,"_bbp_topic_count_hidden":0,"_bbp_reply_count_hidden":0,"_bbp_forum_subforum_count":0,"footnotes":""},"categories":[10,72],"tags":[],"class_list":["post-750","post","type-post","status-publish","format-standard","has-post-thumbnail","hentry","category-anelles-olimpiques","category-exp-corporal"],"post_mailing_queue_ids":[],"_links":{"self":[{"href":"https:\/\/agora.xtec.cat\/ceipfmacia-orrius\/wp-json\/wp\/v2\/posts\/750","targetHints":{"allow":["GET"]}}],"collection":[{"href":"https:\/\/agora.xtec.cat\/ceipfmacia-orrius\/wp-json\/wp\/v2\/posts"}],"about":[{"href":"https:\/\/agora.xtec.cat\/ceipfmacia-orrius\/wp-json\/wp\/v2\/types\/post"}],"author":[{"embeddable":true,"href":"https:\/\/agora.xtec.cat\/ceipfmacia-orrius\/wp-json\/wp\/v2\/users\/1"}],"replies":[{"embeddable":true,"href":"https:\/\/agora.xtec.cat\/ceipfmacia-orrius\/wp-json\/wp\/v2\/comments?post=750"}],"version-history":[{"count":5,"href":"https:\/\/agora.xtec.cat\/ceipfmacia-orrius\/wp-json\/wp\/v2\/posts\/750\/revisions"}],"predecessor-version":[{"id":782,"href":"https:\/\/agora.xtec.cat\/ceipfmacia-orrius\/wp-json\/wp\/v2\/posts\/750\/revisions\/782"}],"wp:featuredmedia":[{"embeddable":true,"href":"https:\/\/agora.xtec.cat\/ceipfmacia-orrius\/wp-json\/wp\/v2\/media\/760"}],"wp:attachment":[{"href":"https:\/\/agora.xtec.cat\/ceipfmacia-orrius\/wp-json\/wp\/v2\/media?parent=750"}],"wp:term":[{"taxonomy":"category","embeddable":true,"href":"https:\/\/agora.xtec.cat\/ceipfmacia-orrius\/wp-json\/wp\/v2\/categories?post=750"},{"taxonomy":"post_tag","embeddable":true,"href":"https:\/\/agora.xtec.cat\/ceipfmacia-orrius\/wp-json\/wp\/v2\/tags?post=750"}],"curies":[{"name":"wp","href":"https:\/\/api.w.org\/{rel}","templated":true}]}}