{"id":706,"date":"2020-01-21T16:56:46","date_gmt":"2020-01-21T15:56:46","guid":{"rendered":"https:\/\/agora.xtec.cat\/ceipfmacia-orrius\/?p=706"},"modified":"2020-01-21T16:56:46","modified_gmt":"2020-01-21T15:56:46","slug":"recuperem-la-normalitat","status":"publish","type":"post","link":"https:\/\/agora.xtec.cat\/ceipfmacia-orrius\/infantil\/maons\/recuperem-la-normalitat\/","title":{"rendered":"Recuperem la normalitat"},"content":{"rendered":"<p>Ens informen que la previsi\u00f3 de cara al dia de dem\u00e0 \u00e9s que el vent sigui m\u00e9s moderat, per la qual cosa l&#8217;activitat de l&#8217;escola tornar\u00e0 a la normalitat. Lescola estar\u00e0 oberta a partir de les 8 per aquells que utilitzeu el servei d&#8217;acollida 8:15 pels que van al SEP, i les activitats durant el dia es duran a terme com estava previst.<\/p>\n<p>Seguir\u00e0 vigent la precauci\u00f3 de no fer activitats a l&#8217;exterior.<\/p>\n<p>Us volem agrair la vostra comprensi\u00f3 davant d&#8217;aquesta situaci\u00f3.<\/p>\n","protected":false},"excerpt":{"rendered":"<p>Ens informen que la previsi\u00f3 de cara al dia de dem\u00e0 \u00e9s que el vent sigui m\u00e9s moderat, per la qual cosa l&#8217;activitat de l&#8217;escola tornar\u00e0 a la normalitat. Lescola estar\u00e0 oberta a partir de les 8 per aquells que utilitzeu el servei d&#8217;acollida 8:15&hellip;  <a href=\"https:\/\/agora.xtec.cat\/ceipfmacia-orrius\/infantil\/maons\/recuperem-la-normalitat\/\" title=\"Read Recuperem la normalitat\">Llegeix m\u00e9s\u00bb<\/a><\/p>\n","protected":false},"author":1,"featured_media":0,"comment_status":"open","ping_status":"closed","sticky":false,"template":"","format":"standard","meta":{"_bbp_topic_count":0,"_bbp_reply_count":0,"_bbp_total_topic_count":0,"_bbp_total_reply_count":0,"_bbp_voice_count":0,"_bbp_anonymous_reply_count":0,"_bbp_topic_count_hidden":0,"_bbp_reply_count_hidden":0,"_bbp_forum_subforum_count":0,"footnotes":""},"categories":[10,12,3,13,8,14],"tags":[],"class_list":["post-706","post","type-post","status-publish","format-standard","hentry","category-anelles-olimpiques","category-llops","category-maons","category-mascotes-olimpiques","category-aquatics-infantil","category-porcs-senglars"],"post_mailing_queue_ids":[],"_links":{"self":[{"href":"https:\/\/agora.xtec.cat\/ceipfmacia-orrius\/wp-json\/wp\/v2\/posts\/706","targetHints":{"allow":["GET"]}}],"collection":[{"href":"https:\/\/agora.xtec.cat\/ceipfmacia-orrius\/wp-json\/wp\/v2\/posts"}],"about":[{"href":"https:\/\/agora.xtec.cat\/ceipfmacia-orrius\/wp-json\/wp\/v2\/types\/post"}],"author":[{"embeddable":true,"href":"https:\/\/agora.xtec.cat\/ceipfmacia-orrius\/wp-json\/wp\/v2\/users\/1"}],"replies":[{"embeddable":true,"href":"https:\/\/agora.xtec.cat\/ceipfmacia-orrius\/wp-json\/wp\/v2\/comments?post=706"}],"version-history":[{"count":2,"href":"https:\/\/agora.xtec.cat\/ceipfmacia-orrius\/wp-json\/wp\/v2\/posts\/706\/revisions"}],"predecessor-version":[{"id":708,"href":"https:\/\/agora.xtec.cat\/ceipfmacia-orrius\/wp-json\/wp\/v2\/posts\/706\/revisions\/708"}],"wp:attachment":[{"href":"https:\/\/agora.xtec.cat\/ceipfmacia-orrius\/wp-json\/wp\/v2\/media?parent=706"}],"wp:term":[{"taxonomy":"category","embeddable":true,"href":"https:\/\/agora.xtec.cat\/ceipfmacia-orrius\/wp-json\/wp\/v2\/categories?post=706"},{"taxonomy":"post_tag","embeddable":true,"href":"https:\/\/agora.xtec.cat\/ceipfmacia-orrius\/wp-json\/wp\/v2\/tags?post=706"}],"curies":[{"name":"wp","href":"https:\/\/api.w.org\/{rel}","templated":true}]}}