{"id":704,"date":"2020-01-20T19:35:12","date_gmt":"2020-01-20T18:35:12","guid":{"rendered":"https:\/\/agora.xtec.cat\/ceipfmacia-orrius\/?p=704"},"modified":"2020-01-20T19:35:12","modified_gmt":"2020-01-20T18:35:12","slug":"tancament-21-de-gener","status":"publish","type":"post","link":"https:\/\/agora.xtec.cat\/ceipfmacia-orrius\/general\/tancament-21-de-gener\/","title":{"rendered":"Tancament 21 de gener"},"content":{"rendered":"<p>Tenint en compte les instruccions de prevenci\u00f3 civil, l&#8217;Ajuntament i dels Serveis Territorials del departament d&#8217;Educaci\u00f3, us volem informar que dem\u00e0\u00a0<b><u>dimarts 21 de gener l&#8217;escola romandr\u00e0 tancada, i per tant no es duran a terme classes ni hi haur\u00e0 serveis m\u00ednims.<\/u><\/b><br \/>\nAquest fet ser\u00e0 extensible als serveis del centre com l&#8217;acollida, el menjador, o d&#8217;altres activitats que s&#8217;hi duen a terme.<br \/>\nAquesta decisi\u00f3 es pren per evitar despla\u00e7aments o situacions de perill davant de les previsions del temporal que afecten aquests dies a la nostra comarca.<br \/>\nUs volem demanar disculpes per les mol\u00e8sties i demanar-vos comprensi\u00f3 per una decisi\u00f3 presa pensant en la seguretat de tothom.<br \/>\nSi tot va com est\u00e0 previst, el dimecres tornarem a obrir el centre amb normalitat. Us mantindrem informats.<br \/>\nMoltes gr\u00e0cies.<\/p>\n","protected":false},"excerpt":{"rendered":"<p>Tenint en compte les instruccions de prevenci\u00f3 civil, l&#8217;Ajuntament i dels Serveis Territorials del departament d&#8217;Educaci\u00f3, us volem informar que dem\u00e0\u00a0dimarts 21 de gener l&#8217;escola romandr\u00e0 tancada, i per tant no es duran a terme classes ni hi haur\u00e0 serveis m\u00ednims.<br \/>\nAquest fet ser\u00e0 extensible als&hellip;  <a href=\"https:\/\/agora.xtec.cat\/ceipfmacia-orrius\/general\/tancament-21-de-gener\/\" title=\"Read Tancament 21 de gener\">Llegeix m\u00e9s\u00bb<\/a><\/p>\n","protected":false},"author":1,"featured_media":0,"comment_status":"open","ping_status":"closed","sticky":false,"template":"","format":"standard","meta":{"_bbp_topic_count":0,"_bbp_reply_count":0,"_bbp_total_topic_count":0,"_bbp_total_reply_count":0,"_bbp_voice_count":0,"_bbp_anonymous_reply_count":0,"_bbp_topic_count_hidden":0,"_bbp_reply_count_hidden":0,"_bbp_forum_subforum_count":0,"footnotes":""},"categories":[10,1,12,3,13,8,14,4],"tags":[],"class_list":["post-704","post","type-post","status-publish","format-standard","hentry","category-anelles-olimpiques","category-general","category-llops","category-maons","category-mascotes-olimpiques","category-aquatics-infantil","category-porcs-senglars","category-portada"],"post_mailing_queue_ids":[],"_links":{"self":[{"href":"https:\/\/agora.xtec.cat\/ceipfmacia-orrius\/wp-json\/wp\/v2\/posts\/704","targetHints":{"allow":["GET"]}}],"collection":[{"href":"https:\/\/agora.xtec.cat\/ceipfmacia-orrius\/wp-json\/wp\/v2\/posts"}],"about":[{"href":"https:\/\/agora.xtec.cat\/ceipfmacia-orrius\/wp-json\/wp\/v2\/types\/post"}],"author":[{"embeddable":true,"href":"https:\/\/agora.xtec.cat\/ceipfmacia-orrius\/wp-json\/wp\/v2\/users\/1"}],"replies":[{"embeddable":true,"href":"https:\/\/agora.xtec.cat\/ceipfmacia-orrius\/wp-json\/wp\/v2\/comments?post=704"}],"version-history":[{"count":1,"href":"https:\/\/agora.xtec.cat\/ceipfmacia-orrius\/wp-json\/wp\/v2\/posts\/704\/revisions"}],"predecessor-version":[{"id":705,"href":"https:\/\/agora.xtec.cat\/ceipfmacia-orrius\/wp-json\/wp\/v2\/posts\/704\/revisions\/705"}],"wp:attachment":[{"href":"https:\/\/agora.xtec.cat\/ceipfmacia-orrius\/wp-json\/wp\/v2\/media?parent=704"}],"wp:term":[{"taxonomy":"category","embeddable":true,"href":"https:\/\/agora.xtec.cat\/ceipfmacia-orrius\/wp-json\/wp\/v2\/categories?post=704"},{"taxonomy":"post_tag","embeddable":true,"href":"https:\/\/agora.xtec.cat\/ceipfmacia-orrius\/wp-json\/wp\/v2\/tags?post=704"}],"curies":[{"name":"wp","href":"https:\/\/api.w.org\/{rel}","templated":true}]}}