{"id":4955,"date":"2026-04-17T12:19:02","date_gmt":"2026-04-17T10:19:02","guid":{"rendered":"https:\/\/agora.xtec.cat\/ceipfmacia-orrius\/?p=4955"},"modified":"2026-04-17T12:20:15","modified_gmt":"2026-04-17T10:20:15","slug":"babebra-mozart-palau-de-la-musica-ei-ci","status":"publish","type":"post","link":"https:\/\/agora.xtec.cat\/ceipfmacia-orrius\/infantil\/babebra-mozart-palau-de-la-musica-ei-ci\/","title":{"rendered":"BABEBRA &#038; MOZART, PALAU DE LA M\u00daSICA, EI-CI"},"content":{"rendered":"<p data-pm-slice=\"1 1 []\">El passat dimarts 14 d&#8217;abril els infants d&#8217;Infantil i Cicle Inicial vam realitzar la sortida al Palau de M\u00fasica de Barcelona per gaudir de l&#8217;espectacle BABEBRA &amp; MOZART, a m\u00e9s vam aprofitar el dia per dinar al parc de la Ciutadella i visitar l&#8217;espai bot\u00e0nic. Un dia ben complet!<\/p>\n<p><a href=\"https:\/\/drive.google.com\/drive\/folders\/1hnyJzf1cH_QtkEkPM7rjU6N_wVTQr2vz?usp=sharing\">Aqu\u00ed<\/a> podeu veure les imatges.<\/p>\n","protected":false},"excerpt":{"rendered":"<p>El passat dimarts 14 d&#8217;abril els infants d&#8217;Infantil i Cicle Inicial vam realitzar la sortida al Palau de M\u00fasica de Barcelona per gaudir de l&#8217;espectacle BABEBRA &amp; MOZART, a m\u00e9s vam aprofitar el dia per dinar al parc de la Ciutadella i visitar l&#8217;espai bot\u00e0nic.&hellip;  <a href=\"https:\/\/agora.xtec.cat\/ceipfmacia-orrius\/infantil\/babebra-mozart-palau-de-la-musica-ei-ci\/\" title=\"Read BABEBRA &#038; MOZART, PALAU DE LA M\u00daSICA, EI-CI\">Llegeix m\u00e9s\u00bb<\/a><\/p>\n","protected":false},"author":1,"featured_media":4957,"comment_status":"open","ping_status":"open","sticky":false,"template":"","format":"standard","meta":{"_bbp_topic_count":0,"_bbp_reply_count":0,"_bbp_total_topic_count":0,"_bbp_total_reply_count":0,"_bbp_voice_count":0,"_bbp_anonymous_reply_count":0,"_bbp_topic_count_hidden":0,"_bbp_reply_count_hidden":0,"_bbp_forum_subforum_count":0,"footnotes":""},"categories":[5,2,70,4],"tags":[],"class_list":["post-4955","post","type-post","status-publish","format-standard","has-post-thumbnail","hentry","category-ci","category-infantil","category-musica","category-portada"],"post_mailing_queue_ids":[],"_links":{"self":[{"href":"https:\/\/agora.xtec.cat\/ceipfmacia-orrius\/wp-json\/wp\/v2\/posts\/4955","targetHints":{"allow":["GET"]}}],"collection":[{"href":"https:\/\/agora.xtec.cat\/ceipfmacia-orrius\/wp-json\/wp\/v2\/posts"}],"about":[{"href":"https:\/\/agora.xtec.cat\/ceipfmacia-orrius\/wp-json\/wp\/v2\/types\/post"}],"author":[{"embeddable":true,"href":"https:\/\/agora.xtec.cat\/ceipfmacia-orrius\/wp-json\/wp\/v2\/users\/1"}],"replies":[{"embeddable":true,"href":"https:\/\/agora.xtec.cat\/ceipfmacia-orrius\/wp-json\/wp\/v2\/comments?post=4955"}],"version-history":[{"count":2,"href":"https:\/\/agora.xtec.cat\/ceipfmacia-orrius\/wp-json\/wp\/v2\/posts\/4955\/revisions"}],"predecessor-version":[{"id":4959,"href":"https:\/\/agora.xtec.cat\/ceipfmacia-orrius\/wp-json\/wp\/v2\/posts\/4955\/revisions\/4959"}],"wp:featuredmedia":[{"embeddable":true,"href":"https:\/\/agora.xtec.cat\/ceipfmacia-orrius\/wp-json\/wp\/v2\/media\/4957"}],"wp:attachment":[{"href":"https:\/\/agora.xtec.cat\/ceipfmacia-orrius\/wp-json\/wp\/v2\/media?parent=4955"}],"wp:term":[{"taxonomy":"category","embeddable":true,"href":"https:\/\/agora.xtec.cat\/ceipfmacia-orrius\/wp-json\/wp\/v2\/categories?post=4955"},{"taxonomy":"post_tag","embeddable":true,"href":"https:\/\/agora.xtec.cat\/ceipfmacia-orrius\/wp-json\/wp\/v2\/tags?post=4955"}],"curies":[{"name":"wp","href":"https:\/\/api.w.org\/{rel}","templated":true}]}}