{"id":4929,"date":"2026-02-27T10:40:00","date_gmt":"2026-02-27T09:40:00","guid":{"rendered":"https:\/\/agora.xtec.cat\/ceipfmacia-orrius\/?p=4929"},"modified":"2026-04-24T10:49:32","modified_gmt":"2026-04-24T08:49:32","slug":"preinscripcio-curs-2026-27","status":"publish","type":"post","link":"https:\/\/agora.xtec.cat\/ceipfmacia-orrius\/portada\/preinscripcio-curs-2026-27\/","title":{"rendered":"PREINSCRIPCI\u00d3 I MATRICULACI\u00d3 CURS 2026-27"},"content":{"rendered":"<p>Us adjuntem<a href=\"https:\/\/preinscripcio.gencat.cat\/ca\/inici\/index.html\"> l&#8217;enlla\u00e7<\/a> del departament d&#8217;Educaci\u00f3, on trobareu tota la informaci\u00f3 referent a la preinscripci\u00f3 i matriculaci\u00f3 pel curs 26-27.<\/p>\n<p>Enlla\u00e7os\u00a0 a documentaci\u00f3 d&#8217;inter\u00e8s:<\/p>\n<p><a href=\"https:\/\/drive.google.com\/file\/d\/1qslX7mLcFy0mpBrT_WW6Z74VXD3xeSL6\/view?usp=sharing\">Oferta Inicial 26-27<\/a><\/p>\n<p><a href=\"https:\/\/drive.google.com\/drive\/folders\/17Ie2m9yupvg5d7jGZ5xVY2R98gOdkJt2?usp=drive_link\">Barem provisional (Escoleta i I3)<\/a><\/p>\n<p><a href=\"https:\/\/drive.google.com\/drive\/folders\/1py5ppxOC4zJEngYbSi6lQbU0jkzG3VyN?usp=sharing\">Puntuacions resoltes\u00a0<\/a><\/p>\n","protected":false},"excerpt":{"rendered":"<p>Us adjuntem<a href=\"https:\/\/preinscripcio.gencat.cat\/ca\/inici\/index.html\"> l&#8217;enlla\u00e7<\/a> del departament d&#8217;Educaci\u00f3, on trobareu tota la informaci\u00f3 referent a la preinscripci\u00f3 i matriculaci\u00f3 pel curs 26-27.<br \/>\nEnlla\u00e7os\u00a0 a documentaci\u00f3 d&#8217;inter\u00e8s:<br \/>\n<a href=\"https:\/\/drive.google.com\/file\/d\/1qslX7mLcFy0mpBrT_WW6Z74VXD3xeSL6\/view?usp=sharing\">Oferta Inicial 26-27<\/a><br \/>\n<a href=\"https:\/\/drive.google.com\/drive\/folders\/17Ie2m9yupvg5d7jGZ5xVY2R98gOdkJt2?usp=drive_link\">Barem provisional (Escoleta i I3)<\/a><br \/>\n<a href=\"https:\/\/drive.google.com\/drive\/folders\/1py5ppxOC4zJEngYbSi6lQbU0jkzG3VyN?usp=sharing\">Puntuacions resoltes\u00a0<\/a><\/p>\n","protected":false},"author":1,"featured_media":4953,"comment_status":"open","ping_status":"open","sticky":true,"template":"","format":"standard","meta":{"_bbp_topic_count":0,"_bbp_reply_count":0,"_bbp_total_topic_count":0,"_bbp_total_reply_count":0,"_bbp_voice_count":0,"_bbp_anonymous_reply_count":0,"_bbp_topic_count_hidden":0,"_bbp_reply_count_hidden":0,"_bbp_forum_subforum_count":0,"footnotes":""},"categories":[4],"tags":[],"class_list":["post-4929","post","type-post","status-publish","format-standard","has-post-thumbnail","hentry","category-portada"],"post_mailing_queue_ids":[],"_links":{"self":[{"href":"https:\/\/agora.xtec.cat\/ceipfmacia-orrius\/wp-json\/wp\/v2\/posts\/4929","targetHints":{"allow":["GET"]}}],"collection":[{"href":"https:\/\/agora.xtec.cat\/ceipfmacia-orrius\/wp-json\/wp\/v2\/posts"}],"about":[{"href":"https:\/\/agora.xtec.cat\/ceipfmacia-orrius\/wp-json\/wp\/v2\/types\/post"}],"author":[{"embeddable":true,"href":"https:\/\/agora.xtec.cat\/ceipfmacia-orrius\/wp-json\/wp\/v2\/users\/1"}],"replies":[{"embeddable":true,"href":"https:\/\/agora.xtec.cat\/ceipfmacia-orrius\/wp-json\/wp\/v2\/comments?post=4929"}],"version-history":[{"count":6,"href":"https:\/\/agora.xtec.cat\/ceipfmacia-orrius\/wp-json\/wp\/v2\/posts\/4929\/revisions"}],"predecessor-version":[{"id":4968,"href":"https:\/\/agora.xtec.cat\/ceipfmacia-orrius\/wp-json\/wp\/v2\/posts\/4929\/revisions\/4968"}],"wp:featuredmedia":[{"embeddable":true,"href":"https:\/\/agora.xtec.cat\/ceipfmacia-orrius\/wp-json\/wp\/v2\/media\/4953"}],"wp:attachment":[{"href":"https:\/\/agora.xtec.cat\/ceipfmacia-orrius\/wp-json\/wp\/v2\/media?parent=4929"}],"wp:term":[{"taxonomy":"category","embeddable":true,"href":"https:\/\/agora.xtec.cat\/ceipfmacia-orrius\/wp-json\/wp\/v2\/categories?post=4929"},{"taxonomy":"post_tag","embeddable":true,"href":"https:\/\/agora.xtec.cat\/ceipfmacia-orrius\/wp-json\/wp\/v2\/tags?post=4929"}],"curies":[{"name":"wp","href":"https:\/\/api.w.org\/{rel}","templated":true}]}}