{"id":4904,"date":"2026-02-06T16:06:03","date_gmt":"2026-02-06T15:06:03","guid":{"rendered":"https:\/\/agora.xtec.cat\/ceipfmacia-orrius\/?p=4904"},"modified":"2026-02-09T16:00:59","modified_gmt":"2026-02-09T15:00:59","slug":"musica-a-lescoleta","status":"publish","type":"post","link":"https:\/\/agora.xtec.cat\/ceipfmacia-orrius\/general\/musica-a-lescoleta\/","title":{"rendered":"M\u00daSICA A L&#8217;ESCOLETA"},"content":{"rendered":"<p data-start=\"43\" data-end=\"413\">Les sessions de m\u00fasica a l\u2019escoleta sempre s\u00f3n un moment m\u00e0gic.<br data-start=\"106\" data-end=\"109\" \/>El poder de les can\u00e7ons conegudes, el misteri de descobrir-ne de noves i els ritmes que ens acompanyen.<br data-start=\"214\" data-end=\"217\" data-is-only-node=\"\" \/>Moments en qu\u00e8 els infants es deixen anar, van perdent la vergonya i s\u2019atreveixen a repetir i entonar quan els poses un \u201cmicro\u201d al davant, que pot tenir forma de pilota, baqueta o titella \ud83c\udfa4<\/p>\n<p data-start=\"420\" data-end=\"666\">Esperem que gaudiu d\u2019aquest recull\u00a0 <a href=\"https:\/\/drive.google.com\/drive\/folders\/1fiL4G8X9lQoZo7TGdbKemua7bn6TXiLh?usp=drive_link\">d&#8217;imatges i v\u00eddeos<\/a>\u00a0 tant com ho fem nosaltres a l\u2019escoleta.<br data-start=\"517\" data-end=\"520\" \/>I aprofitem per donar les gr\u00e0cies a la Laia (la veureu en algunes fotografies), que ens va venir a fer una sessi\u00f3 de m\u00fasica molt enriquidora i ens va agradar poder compartir una estona escola-fam\u00edlia.<\/p>\n<p data-start=\"420\" data-end=\"666\">\n","protected":false},"excerpt":{"rendered":"<p>Les sessions de m\u00fasica a l\u2019escoleta sempre s\u00f3n un moment m\u00e0gic.El poder de les can\u00e7ons conegudes, el misteri de descobrir-ne de noves i els ritmes que ens acompanyen.Moments en qu\u00e8 els infants es deixen anar, van perdent la vergonya i s\u2019atreveixen a repetir i entonar&hellip;  <a href=\"https:\/\/agora.xtec.cat\/ceipfmacia-orrius\/general\/musica-a-lescoleta\/\" title=\"Read M\u00daSICA A L&#8217;ESCOLETA\">Llegeix m\u00e9s\u00bb<\/a><\/p>\n","protected":false},"author":58,"featured_media":4905,"comment_status":"open","ping_status":"open","sticky":false,"template":"","format":"standard","meta":{"_bbp_topic_count":0,"_bbp_reply_count":0,"_bbp_total_topic_count":0,"_bbp_total_reply_count":0,"_bbp_voice_count":0,"_bbp_anonymous_reply_count":0,"_bbp_topic_count_hidden":0,"_bbp_reply_count_hidden":0,"_bbp_forum_subforum_count":0,"footnotes":""},"categories":[170,1,70,4],"tags":[179,77],"class_list":["post-4904","post","type-post","status-publish","format-standard","has-post-thumbnail","hentry","category-escoleta","category-general","category-musica","category-portada","tag-escoleta","tag-musica"],"post_mailing_queue_ids":[],"_links":{"self":[{"href":"https:\/\/agora.xtec.cat\/ceipfmacia-orrius\/wp-json\/wp\/v2\/posts\/4904","targetHints":{"allow":["GET"]}}],"collection":[{"href":"https:\/\/agora.xtec.cat\/ceipfmacia-orrius\/wp-json\/wp\/v2\/posts"}],"about":[{"href":"https:\/\/agora.xtec.cat\/ceipfmacia-orrius\/wp-json\/wp\/v2\/types\/post"}],"author":[{"embeddable":true,"href":"https:\/\/agora.xtec.cat\/ceipfmacia-orrius\/wp-json\/wp\/v2\/users\/58"}],"replies":[{"embeddable":true,"href":"https:\/\/agora.xtec.cat\/ceipfmacia-orrius\/wp-json\/wp\/v2\/comments?post=4904"}],"version-history":[{"count":2,"href":"https:\/\/agora.xtec.cat\/ceipfmacia-orrius\/wp-json\/wp\/v2\/posts\/4904\/revisions"}],"predecessor-version":[{"id":4907,"href":"https:\/\/agora.xtec.cat\/ceipfmacia-orrius\/wp-json\/wp\/v2\/posts\/4904\/revisions\/4907"}],"wp:featuredmedia":[{"embeddable":true,"href":"https:\/\/agora.xtec.cat\/ceipfmacia-orrius\/wp-json\/wp\/v2\/media\/4905"}],"wp:attachment":[{"href":"https:\/\/agora.xtec.cat\/ceipfmacia-orrius\/wp-json\/wp\/v2\/media?parent=4904"}],"wp:term":[{"taxonomy":"category","embeddable":true,"href":"https:\/\/agora.xtec.cat\/ceipfmacia-orrius\/wp-json\/wp\/v2\/categories?post=4904"},{"taxonomy":"post_tag","embeddable":true,"href":"https:\/\/agora.xtec.cat\/ceipfmacia-orrius\/wp-json\/wp\/v2\/tags?post=4904"}],"curies":[{"name":"wp","href":"https:\/\/api.w.org\/{rel}","templated":true}]}}