{"id":4900,"date":"2026-01-30T12:08:38","date_gmt":"2026-01-30T11:08:38","guid":{"rendered":"https:\/\/agora.xtec.cat\/ceipfmacia-orrius\/?p=4900"},"modified":"2026-01-30T15:59:07","modified_gmt":"2026-01-30T14:59:07","slug":"dia-escolar-de-la-no-violencia-i-la-pau-denip","status":"publish","type":"post","link":"https:\/\/agora.xtec.cat\/ceipfmacia-orrius\/general\/dia-escolar-de-la-no-violencia-i-la-pau-denip\/","title":{"rendered":"DIA ESCOLAR DE LA NO-VIOL\u00c8NCIA I LA PAU (DENIP)"},"content":{"rendered":"<p>El 30 de gener, se celebra el Dia Escolar de la No-viol\u00e8ncia I la Pau (<b>DENIP<\/b>), una jornada de reflexi\u00f3 i acci\u00f3 per promoure els valors de la pau, la no viol\u00e8ncia i el comprom\u00eds amb la resoluci\u00f3 pac\u00edfica dels conflictes. A l&#8217;escola ho celebrem tot comen\u00e7ant el dia amb jocs cooperatius, que l&#8217;alumnat de CS ha preparat pels infant d&#8217;Infantil, CI i CM. Seguidament fem un esmorzer conjunt i acabem el mat\u00ed amb una reflexi\u00f3 conjunta de que vol dir DNIP. A l&#8217;Escoleta han gaudit d&#8217;un mat\u00ed amb sorpreses i activitats relacionades amb la Pau i la no viol\u00e8ncia.<\/p>\n<p><a href=\"https:\/\/drive.google.com\/drive\/folders\/11_30rTwdYLFhhoGUQTKntrh6k42FSoP-?usp=drive_link\">Aqu\u00ed<\/a> podeu veure les imatges.<\/p>\n","protected":false},"excerpt":{"rendered":"<p>El 30 de gener, se celebra el Dia Escolar de la No-viol\u00e8ncia I la Pau (DENIP), una jornada de reflexi\u00f3 i acci\u00f3 per promoure els valors de la pau, la no viol\u00e8ncia i el comprom\u00eds amb la resoluci\u00f3 pac\u00edfica dels conflictes. A l&#8217;escola ho celebrem&hellip;  <a href=\"https:\/\/agora.xtec.cat\/ceipfmacia-orrius\/general\/dia-escolar-de-la-no-violencia-i-la-pau-denip\/\" title=\"Read DIA ESCOLAR DE LA NO-VIOL\u00c8NCIA I LA PAU (DENIP)\">Llegeix m\u00e9s\u00bb<\/a><\/p>\n","protected":false},"author":1,"featured_media":4901,"comment_status":"open","ping_status":"open","sticky":false,"template":"","format":"standard","meta":{"_bbp_topic_count":0,"_bbp_reply_count":0,"_bbp_total_topic_count":0,"_bbp_total_reply_count":0,"_bbp_voice_count":0,"_bbp_anonymous_reply_count":0,"_bbp_topic_count_hidden":0,"_bbp_reply_count_hidden":0,"_bbp_forum_subforum_count":0,"footnotes":""},"categories":[5,60,61,170,1,4],"tags":[],"class_list":["post-4900","post","type-post","status-publish","format-standard","has-post-thumbnail","hentry","category-ci","category-cm","category-cs","category-escoleta","category-general","category-portada"],"post_mailing_queue_ids":[],"_links":{"self":[{"href":"https:\/\/agora.xtec.cat\/ceipfmacia-orrius\/wp-json\/wp\/v2\/posts\/4900","targetHints":{"allow":["GET"]}}],"collection":[{"href":"https:\/\/agora.xtec.cat\/ceipfmacia-orrius\/wp-json\/wp\/v2\/posts"}],"about":[{"href":"https:\/\/agora.xtec.cat\/ceipfmacia-orrius\/wp-json\/wp\/v2\/types\/post"}],"author":[{"embeddable":true,"href":"https:\/\/agora.xtec.cat\/ceipfmacia-orrius\/wp-json\/wp\/v2\/users\/1"}],"replies":[{"embeddable":true,"href":"https:\/\/agora.xtec.cat\/ceipfmacia-orrius\/wp-json\/wp\/v2\/comments?post=4900"}],"version-history":[{"count":2,"href":"https:\/\/agora.xtec.cat\/ceipfmacia-orrius\/wp-json\/wp\/v2\/posts\/4900\/revisions"}],"predecessor-version":[{"id":4903,"href":"https:\/\/agora.xtec.cat\/ceipfmacia-orrius\/wp-json\/wp\/v2\/posts\/4900\/revisions\/4903"}],"wp:featuredmedia":[{"embeddable":true,"href":"https:\/\/agora.xtec.cat\/ceipfmacia-orrius\/wp-json\/wp\/v2\/media\/4901"}],"wp:attachment":[{"href":"https:\/\/agora.xtec.cat\/ceipfmacia-orrius\/wp-json\/wp\/v2\/media?parent=4900"}],"wp:term":[{"taxonomy":"category","embeddable":true,"href":"https:\/\/agora.xtec.cat\/ceipfmacia-orrius\/wp-json\/wp\/v2\/categories?post=4900"},{"taxonomy":"post_tag","embeddable":true,"href":"https:\/\/agora.xtec.cat\/ceipfmacia-orrius\/wp-json\/wp\/v2\/tags?post=4900"}],"curies":[{"name":"wp","href":"https:\/\/api.w.org\/{rel}","templated":true}]}}