{"id":4888,"date":"2025-12-19T13:11:37","date_gmt":"2025-12-19T12:11:37","guid":{"rendered":"https:\/\/agora.xtec.cat\/ceipfmacia-orrius\/?p=4888"},"modified":"2025-12-19T13:11:37","modified_gmt":"2025-12-19T12:11:37","slug":"tio-tio-caga-turro","status":"publish","type":"post","link":"https:\/\/agora.xtec.cat\/ceipfmacia-orrius\/portada\/tio-tio-caga-turro\/","title":{"rendered":"TI\u00d3, TI\u00d3&#8230;CAGA TURR\u00d3&#8230;"},"content":{"rendered":"<p>I despr\u00e9s d&#8217;uns dies d&#8217;alimentar els tions de l&#8217;escola ha arribat el moment tant esperat pels infants. Anem a Cagar el ti\u00f3.<\/p>\n<p><a href=\"https:\/\/drive.google.com\/drive\/folders\/170n2JybmDSxHtXsTKFOaFgjM0F784ViQ?usp=sharing\">Aqu\u00ed<\/a> podeu veure les imatges.<\/p>\n","protected":false},"excerpt":{"rendered":"<p>I despr\u00e9s d&#8217;uns dies d&#8217;alimentar els tions de l&#8217;escola ha arribat el moment tant esperat pels infants. Anem a Cagar el ti\u00f3.<br \/>\n<a href=\"https:\/\/drive.google.com\/drive\/folders\/170n2JybmDSxHtXsTKFOaFgjM0F784ViQ?usp=sharing\">Aqu\u00ed<\/a> podeu veure les imatges.<\/p>\n","protected":false},"author":1,"featured_media":4889,"comment_status":"open","ping_status":"open","sticky":false,"template":"","format":"standard","meta":{"_bbp_topic_count":0,"_bbp_reply_count":0,"_bbp_total_topic_count":0,"_bbp_total_reply_count":0,"_bbp_voice_count":0,"_bbp_anonymous_reply_count":0,"_bbp_topic_count_hidden":0,"_bbp_reply_count_hidden":0,"_bbp_forum_subforum_count":0,"footnotes":""},"categories":[4],"tags":[],"class_list":["post-4888","post","type-post","status-publish","format-standard","has-post-thumbnail","hentry","category-portada"],"post_mailing_queue_ids":[],"_links":{"self":[{"href":"https:\/\/agora.xtec.cat\/ceipfmacia-orrius\/wp-json\/wp\/v2\/posts\/4888","targetHints":{"allow":["GET"]}}],"collection":[{"href":"https:\/\/agora.xtec.cat\/ceipfmacia-orrius\/wp-json\/wp\/v2\/posts"}],"about":[{"href":"https:\/\/agora.xtec.cat\/ceipfmacia-orrius\/wp-json\/wp\/v2\/types\/post"}],"author":[{"embeddable":true,"href":"https:\/\/agora.xtec.cat\/ceipfmacia-orrius\/wp-json\/wp\/v2\/users\/1"}],"replies":[{"embeddable":true,"href":"https:\/\/agora.xtec.cat\/ceipfmacia-orrius\/wp-json\/wp\/v2\/comments?post=4888"}],"version-history":[{"count":1,"href":"https:\/\/agora.xtec.cat\/ceipfmacia-orrius\/wp-json\/wp\/v2\/posts\/4888\/revisions"}],"predecessor-version":[{"id":4890,"href":"https:\/\/agora.xtec.cat\/ceipfmacia-orrius\/wp-json\/wp\/v2\/posts\/4888\/revisions\/4890"}],"wp:featuredmedia":[{"embeddable":true,"href":"https:\/\/agora.xtec.cat\/ceipfmacia-orrius\/wp-json\/wp\/v2\/media\/4889"}],"wp:attachment":[{"href":"https:\/\/agora.xtec.cat\/ceipfmacia-orrius\/wp-json\/wp\/v2\/media?parent=4888"}],"wp:term":[{"taxonomy":"category","embeddable":true,"href":"https:\/\/agora.xtec.cat\/ceipfmacia-orrius\/wp-json\/wp\/v2\/categories?post=4888"},{"taxonomy":"post_tag","embeddable":true,"href":"https:\/\/agora.xtec.cat\/ceipfmacia-orrius\/wp-json\/wp\/v2\/tags?post=4888"}],"curies":[{"name":"wp","href":"https:\/\/api.w.org\/{rel}","templated":true}]}}