{"id":4884,"date":"2025-12-09T15:02:13","date_gmt":"2025-12-09T14:02:13","guid":{"rendered":"https:\/\/agora.xtec.cat\/ceipfmacia-orrius\/?p=4884"},"modified":"2025-12-09T15:02:13","modified_gmt":"2025-12-09T14:02:13","slug":"el-tio-ja-es-aqui","status":"publish","type":"post","link":"https:\/\/agora.xtec.cat\/ceipfmacia-orrius\/general\/el-tio-ja-es-aqui\/","title":{"rendered":"EL TI\u00d3 JA \u00c9S AQU\u00cd!"},"content":{"rendered":"<p data-pm-slice=\"1 1 []\">Avui dimarts, i despr\u00e9s dels 3 dies de festa, hem arribat\u00a0 a l&#8217;escola i el missatge del calendari d&#8217;advent ha estat que &#8230; avui hav\u00edem d&#8217;anar a buscar el Ti\u00f3!!!!, per\u00f2 alhora hem rebut una carta seva &#8230; b\u00e9, no del ti\u00f3 de sempre, sin\u00f3 del nou ti\u00f3 de l&#8217;escola que ara tindrem. Ell \u00e9s el net del ti\u00f3 vellet que ten\u00edem i, tal com ens explica a la carta, el seu avi Ti\u00f3 s&#8217;ha jubilat, i ha estat ell qui ha agafat el relleu per ser el ti\u00f3 de la nostra escola. A m\u00e9s, el nou Ti\u00f3, tamb\u00e9 ens ha fet saber que aquest any, com que no podem anar pel bosc, ha tingut el detall d&#8217;amagar-se al bell mig del poble. I aix\u00ed ha estat com d&#8217;I3 fins a 6\u00e8 hem anat, despr\u00e9s d&#8217;esmorzar, a buscar el ti\u00f3. I JA EL TENIM A L&#8217;ESCOLA!!!!<\/p>\n<p>Per altra banda, els infants de l&#8217;escoleta tamb\u00e9 han cercat el seu ti\u00f3, ja que el calendari d&#8217;advent els ha dit que avui tamb\u00e9 s&#8217;havia amagat per algun espai de l&#8217;escoleta, i efectivament, l&#8217;han trobat al pati de darrere.<\/p>\n<p>Ara ja els podrem alimentar de valent!<\/p>\n<p>&nbsp;<\/p>\n<p>A <a href=\"https:\/\/drive.google.com\/drive\/folders\/1lva2b1JZwH7gtRUS738Lwttlm5UvBtYF?usp=sharing\">l&#8217;enlla\u00e7<\/a> podeu veure les fotgrafies<\/p>\n","protected":false},"excerpt":{"rendered":"<p>Avui dimarts, i despr\u00e9s dels 3 dies de festa, hem arribat\u00a0 a l&#8217;escola i el missatge del calendari d&#8217;advent ha estat que &#8230; avui hav\u00edem d&#8217;anar a buscar el Ti\u00f3!!!!, per\u00f2 alhora hem rebut una carta seva &#8230; b\u00e9, no del ti\u00f3 de sempre, sin\u00f3&hellip;  <a href=\"https:\/\/agora.xtec.cat\/ceipfmacia-orrius\/general\/el-tio-ja-es-aqui\/\" title=\"Read EL TI\u00d3 JA \u00c9S AQU\u00cd!\">Llegeix m\u00e9s\u00bb<\/a><\/p>\n","protected":false},"author":1,"featured_media":4887,"comment_status":"open","ping_status":"open","sticky":false,"template":"","format":"standard","meta":{"_bbp_topic_count":0,"_bbp_reply_count":0,"_bbp_total_topic_count":0,"_bbp_total_reply_count":0,"_bbp_voice_count":0,"_bbp_anonymous_reply_count":0,"_bbp_topic_count_hidden":0,"_bbp_reply_count_hidden":0,"_bbp_forum_subforum_count":0,"footnotes":""},"categories":[5,60,61,170,1,2,4],"tags":[],"class_list":["post-4884","post","type-post","status-publish","format-standard","has-post-thumbnail","hentry","category-ci","category-cm","category-cs","category-escoleta","category-general","category-infantil","category-portada"],"post_mailing_queue_ids":[],"_links":{"self":[{"href":"https:\/\/agora.xtec.cat\/ceipfmacia-orrius\/wp-json\/wp\/v2\/posts\/4884","targetHints":{"allow":["GET"]}}],"collection":[{"href":"https:\/\/agora.xtec.cat\/ceipfmacia-orrius\/wp-json\/wp\/v2\/posts"}],"about":[{"href":"https:\/\/agora.xtec.cat\/ceipfmacia-orrius\/wp-json\/wp\/v2\/types\/post"}],"author":[{"embeddable":true,"href":"https:\/\/agora.xtec.cat\/ceipfmacia-orrius\/wp-json\/wp\/v2\/users\/1"}],"replies":[{"embeddable":true,"href":"https:\/\/agora.xtec.cat\/ceipfmacia-orrius\/wp-json\/wp\/v2\/comments?post=4884"}],"version-history":[{"count":1,"href":"https:\/\/agora.xtec.cat\/ceipfmacia-orrius\/wp-json\/wp\/v2\/posts\/4884\/revisions"}],"predecessor-version":[{"id":4885,"href":"https:\/\/agora.xtec.cat\/ceipfmacia-orrius\/wp-json\/wp\/v2\/posts\/4884\/revisions\/4885"}],"wp:featuredmedia":[{"embeddable":true,"href":"https:\/\/agora.xtec.cat\/ceipfmacia-orrius\/wp-json\/wp\/v2\/media\/4887"}],"wp:attachment":[{"href":"https:\/\/agora.xtec.cat\/ceipfmacia-orrius\/wp-json\/wp\/v2\/media?parent=4884"}],"wp:term":[{"taxonomy":"category","embeddable":true,"href":"https:\/\/agora.xtec.cat\/ceipfmacia-orrius\/wp-json\/wp\/v2\/categories?post=4884"},{"taxonomy":"post_tag","embeddable":true,"href":"https:\/\/agora.xtec.cat\/ceipfmacia-orrius\/wp-json\/wp\/v2\/tags?post=4884"}],"curies":[{"name":"wp","href":"https:\/\/api.w.org\/{rel}","templated":true}]}}