{"id":4870,"date":"2025-11-21T10:35:20","date_gmt":"2025-11-21T09:35:20","guid":{"rendered":"https:\/\/agora.xtec.cat\/ceipfmacia-orrius\/?p=4870"},"modified":"2025-11-21T10:36:14","modified_gmt":"2025-11-21T09:36:14","slug":"la-tardor-a-lescoleta","status":"publish","type":"post","link":"https:\/\/agora.xtec.cat\/ceipfmacia-orrius\/general\/la-tardor-a-lescoleta\/","title":{"rendered":"LA TARDOR A L&#8217;ESCOLETA"},"content":{"rendered":"<p data-start=\"69\" data-end=\"194\">La tardor ha arribat a l\u2019escoleta i amb ella hem omplert el nostre espai amb colors, viv\u00e8ncies i molta descoberta!<\/p>\n<p data-start=\"69\" data-end=\"194\">Aquests dies hem fet manipulaci\u00f3 amb elements t\u00edpics de la tardor: fulles seques, fruits, textures i olors que ens han perm\u00e8s experimentar i aprendre amb tots els sentits \ud83c\udf42Moltes gr\u00e0cies a totes les fam\u00edlies que ens heu portat materials per a fer-ho possible \ud83e\udde1<br data-start=\"366\" data-end=\"369\" \/>Hem observat atentament els seus colors, les seves formes i tots els petits detalls que ens ofereix aquesta estaci\u00f3 tan bonica.<\/p>\n<p data-start=\"505\" data-end=\"648\">A m\u00e9s, no ha faltat la m\u00fasica i l\u2019alegria! Hem cantat i ballat la Castanyera, compartint moments plens de somriures, ritme i tradici\u00f3. \ud83c\udfb6\ud83c\udf30<\/p>\n<p data-start=\"650\" data-end=\"729\">Ens encanta viure la tardor aix\u00ed: jugant, descobrint i creixent !<\/p>\n<p data-start=\"650\" data-end=\"729\">Esperem que us agradin aquestes imatges \u27af \u00a0 <a href=\"https:\/\/drive.google.com\/drive\/folders\/19VQsOXjFLkCPO5h7BTFMOo8OuFW7a9A8?usp=drive_link\">aqu\u00ed<\/a><\/p>\n<p data-start=\"650\" data-end=\"729\">Les mestres de l&#8217;escoleta.<\/p>\n","protected":false},"excerpt":{"rendered":"<p>La tardor ha arribat a l\u2019escoleta i amb ella hem omplert el nostre espai amb colors, viv\u00e8ncies i molta descoberta!<br \/>\nAquests dies hem fet manipulaci\u00f3 amb elements t\u00edpics de la tardor: fulles seques, fruits, textures i olors que ens han perm\u00e8s experimentar i aprendre amb tots&hellip;  <a href=\"https:\/\/agora.xtec.cat\/ceipfmacia-orrius\/general\/la-tardor-a-lescoleta\/\" title=\"Read LA TARDOR A L&#8217;ESCOLETA\">Llegeix m\u00e9s\u00bb<\/a><\/p>\n","protected":false},"author":58,"featured_media":4871,"comment_status":"open","ping_status":"open","sticky":false,"template":"","format":"standard","meta":{"_bbp_topic_count":0,"_bbp_reply_count":0,"_bbp_total_topic_count":0,"_bbp_total_reply_count":0,"_bbp_voice_count":0,"_bbp_anonymous_reply_count":0,"_bbp_topic_count_hidden":0,"_bbp_reply_count_hidden":0,"_bbp_forum_subforum_count":0,"footnotes":""},"categories":[170,1,4],"tags":[179,180],"class_list":["post-4870","post","type-post","status-publish","format-standard","has-post-thumbnail","hentry","category-escoleta","category-general","category-portada","tag-escoleta","tag-tardor"],"post_mailing_queue_ids":[],"_links":{"self":[{"href":"https:\/\/agora.xtec.cat\/ceipfmacia-orrius\/wp-json\/wp\/v2\/posts\/4870","targetHints":{"allow":["GET"]}}],"collection":[{"href":"https:\/\/agora.xtec.cat\/ceipfmacia-orrius\/wp-json\/wp\/v2\/posts"}],"about":[{"href":"https:\/\/agora.xtec.cat\/ceipfmacia-orrius\/wp-json\/wp\/v2\/types\/post"}],"author":[{"embeddable":true,"href":"https:\/\/agora.xtec.cat\/ceipfmacia-orrius\/wp-json\/wp\/v2\/users\/58"}],"replies":[{"embeddable":true,"href":"https:\/\/agora.xtec.cat\/ceipfmacia-orrius\/wp-json\/wp\/v2\/comments?post=4870"}],"version-history":[{"count":2,"href":"https:\/\/agora.xtec.cat\/ceipfmacia-orrius\/wp-json\/wp\/v2\/posts\/4870\/revisions"}],"predecessor-version":[{"id":4873,"href":"https:\/\/agora.xtec.cat\/ceipfmacia-orrius\/wp-json\/wp\/v2\/posts\/4870\/revisions\/4873"}],"wp:featuredmedia":[{"embeddable":true,"href":"https:\/\/agora.xtec.cat\/ceipfmacia-orrius\/wp-json\/wp\/v2\/media\/4871"}],"wp:attachment":[{"href":"https:\/\/agora.xtec.cat\/ceipfmacia-orrius\/wp-json\/wp\/v2\/media?parent=4870"}],"wp:term":[{"taxonomy":"category","embeddable":true,"href":"https:\/\/agora.xtec.cat\/ceipfmacia-orrius\/wp-json\/wp\/v2\/categories?post=4870"},{"taxonomy":"post_tag","embeddable":true,"href":"https:\/\/agora.xtec.cat\/ceipfmacia-orrius\/wp-json\/wp\/v2\/tags?post=4870"}],"curies":[{"name":"wp","href":"https:\/\/api.w.org\/{rel}","templated":true}]}}