{"id":4851,"date":"2025-10-16T15:12:09","date_gmt":"2025-10-16T13:12:09","guid":{"rendered":"https:\/\/agora.xtec.cat\/ceipfmacia-orrius\/?p=4851"},"modified":"2025-10-16T15:12:28","modified_gmt":"2025-10-16T13:12:28","slug":"canconer-de-la-tardor","status":"publish","type":"post","link":"https:\/\/agora.xtec.cat\/ceipfmacia-orrius\/general\/canconer-de-la-tardor\/","title":{"rendered":"CAN\u00c7ONER DE LA TARDOR"},"content":{"rendered":"<div>A l&#8217;Escoleta tenim &#8220;la caixa m\u00e0gica&#8221; que molt sovint quan l&#8217;obrim ens porta propostes, contes o materials&#8230; Us ho han explicat?<\/div>\n<div>Fa dies ens hi vam trobar un\u00a0<span style=\"font-size: large;\">can\u00e7oner de la tardor,<\/span> i ja hem descobert moltes de les can\u00e7ons que hi ha &#8230;\ud83d\udc0c\u200b\ud83c\udf44\u200d\ud83d\udfeb\u200b\ud83c\udf26\ufe0f\u200b\ud83c\udf42\u200b<\/div>\n<div>Us deixem\u00a0 <a href=\"https:\/\/drive.google.com\/drive\/folders\/10hHPdsukzvbyUa61JkrjPR2OkvJbHI52?usp=drive_link\">aqu\u00ed <\/a>\u00a0un document per si teniu ganes de cantar-les a casa. Est\u00e0 fet amb les mateixes imatges que tenim a l&#8217;escoleta i hi ha els enlla\u00e7os en els t\u00edtols.<\/div>\n<div>Esperem que us agradi i que notem com han estat practicant amb vosaltres!\ud83d\ude09\u200b<\/div>\n<div><\/div>\n<div>Les mestres de l&#8217;escoleta\ud83d\udc9a\u200b<\/div>\n<div><\/div>\n<div><\/div>\n<div><\/div>\n<h5><em>&#8220;Ens atrapa la tardor<\/em><\/h5>\n<h5><em>amb la pluja i la frescor.<\/em><\/h5>\n<h5><em>Un cistell de rovellons,<\/em><\/h5>\n<h5><em>la magrana i sa dol\u00e7or.&#8221;<\/em><\/h5>\n<h5><em>LA TARDOR &#8211; Isabel Barriel<\/em><\/h5>\n","protected":false},"excerpt":{"rendered":"<p>A l&#8217;Escoleta tenim &#8220;la caixa m\u00e0gica&#8221; que molt sovint quan l&#8217;obrim ens porta propostes, contes o materials&#8230; Us ho han explicat?<br \/>\nFa dies ens hi vam trobar un\u00a0can\u00e7oner de la tardor, i ja hem descobert moltes de les can\u00e7ons que hi ha &#8230;\ud83d\udc0c\u200b\ud83c\udf44\u200d\ud83d\udfeb\u200b\ud83c\udf26\ufe0f\u200b\ud83c\udf42\u200b<br \/>\nUs deixem\u00a0 <a href=\"https:\/\/drive.google.com\/drive\/folders\/10hHPdsukzvbyUa61JkrjPR2OkvJbHI52?usp=drive_link\">aqu\u00ed&hellip;  <a href=\"https:\/\/agora.xtec.cat\/ceipfmacia-orrius\/general\/canconer-de-la-tardor\/\" title=\"Read CAN\u00c7ONER DE LA TARDOR\">Llegeix m\u00e9s\u00bb<\/a><\/p>\n","protected":false},"author":58,"featured_media":4852,"comment_status":"open","ping_status":"open","sticky":false,"template":"","format":"standard","meta":{"_bbp_topic_count":0,"_bbp_reply_count":0,"_bbp_total_topic_count":0,"_bbp_total_reply_count":0,"_bbp_voice_count":0,"_bbp_anonymous_reply_count":0,"_bbp_topic_count_hidden":0,"_bbp_reply_count_hidden":0,"_bbp_forum_subforum_count":0,"footnotes":""},"categories":[170,1,2,4],"tags":[179,77,180],"class_list":["post-4851","post","type-post","status-publish","format-standard","has-post-thumbnail","hentry","category-escoleta","category-general","category-infantil","category-portada","tag-escoleta","tag-musica","tag-tardor"],"post_mailing_queue_ids":[],"_links":{"self":[{"href":"https:\/\/agora.xtec.cat\/ceipfmacia-orrius\/wp-json\/wp\/v2\/posts\/4851","targetHints":{"allow":["GET"]}}],"collection":[{"href":"https:\/\/agora.xtec.cat\/ceipfmacia-orrius\/wp-json\/wp\/v2\/posts"}],"about":[{"href":"https:\/\/agora.xtec.cat\/ceipfmacia-orrius\/wp-json\/wp\/v2\/types\/post"}],"author":[{"embeddable":true,"href":"https:\/\/agora.xtec.cat\/ceipfmacia-orrius\/wp-json\/wp\/v2\/users\/58"}],"replies":[{"embeddable":true,"href":"https:\/\/agora.xtec.cat\/ceipfmacia-orrius\/wp-json\/wp\/v2\/comments?post=4851"}],"version-history":[{"count":6,"href":"https:\/\/agora.xtec.cat\/ceipfmacia-orrius\/wp-json\/wp\/v2\/posts\/4851\/revisions"}],"predecessor-version":[{"id":4863,"href":"https:\/\/agora.xtec.cat\/ceipfmacia-orrius\/wp-json\/wp\/v2\/posts\/4851\/revisions\/4863"}],"wp:featuredmedia":[{"embeddable":true,"href":"https:\/\/agora.xtec.cat\/ceipfmacia-orrius\/wp-json\/wp\/v2\/media\/4852"}],"wp:attachment":[{"href":"https:\/\/agora.xtec.cat\/ceipfmacia-orrius\/wp-json\/wp\/v2\/media?parent=4851"}],"wp:term":[{"taxonomy":"category","embeddable":true,"href":"https:\/\/agora.xtec.cat\/ceipfmacia-orrius\/wp-json\/wp\/v2\/categories?post=4851"},{"taxonomy":"post_tag","embeddable":true,"href":"https:\/\/agora.xtec.cat\/ceipfmacia-orrius\/wp-json\/wp\/v2\/tags?post=4851"}],"curies":[{"name":"wp","href":"https:\/\/api.w.org\/{rel}","templated":true}]}}