{"id":4845,"date":"2025-09-29T09:59:51","date_gmt":"2025-09-29T07:59:51","guid":{"rendered":"https:\/\/agora.xtec.cat\/ceipfmacia-orrius\/?p=4845"},"modified":"2025-09-29T13:49:45","modified_gmt":"2025-09-29T11:49:45","slug":"primers-dies-a-lescoleta-2","status":"publish","type":"post","link":"https:\/\/agora.xtec.cat\/ceipfmacia-orrius\/general\/primers-dies-a-lescoleta-2\/","title":{"rendered":"PRIMERS DIES A L&#8217;ESCOLETA"},"content":{"rendered":"<p data-start=\"78\" data-end=\"264\">Els primers dies a l\u2019escoleta s\u00f3n plens de descobertes! \u2728<br data-start=\"136\" data-end=\"139\" \/>Els infants han anat explorant els espais, jugant amb els materials i les joguines, i a poc a poc van trobant el seu lloc i van creant vincles.<\/p>\n<p data-start=\"78\" data-end=\"264\">Les rutines els ajuden a sentir-se segurs i tranquils, i s\u00f3n la base per gaudir de totes les experi\u00e8ncies, per aix\u00f2 li donem tanta import\u00e0ncia en el nostre dia a dia i no tenim pressa per a realitzar-les.<\/p>\n<p data-start=\"78\" data-end=\"264\">A mesura que els dies passen, anem introduint noves propostes i racons de joc, sempre observant el grup i assegurant-nos que les reben amb il\u00b7lusi\u00f3.<\/p>\n<p data-start=\"534\" data-end=\"609\">Ha estat un inici de curs amb calma, confian\u00e7a i moltes ganes de cr\u00e9ixer\u00a0 junts.\ud83c\udf31<\/p>\n<p data-start=\"534\" data-end=\"609\">Com que sabem que us agradaria espiar-nos per un foradet &#8230; Us deixem <a href=\"https:\/\/drive.google.com\/drive\/folders\/1XIVNE91o_VEoZcuHI1Pr3-979jjgG1_M?usp=sharing\">aqu\u00ed <\/a><a href=\"https:\/\/drive.google.com\/file\/d\/1k3AEkO8aJgAyFIqgLRfHgBU79SMMl7BE\/view?usp=drive_link\">\ud83d\udcf7<\/a>un recull d&#8217;imatges ben boniques.<\/p>\n<p data-start=\"534\" data-end=\"609\">\ud83d\udc9c <em data-start=\"93\" data-end=\"137\">\u201cPer educar un infant cal tota una tribu.\u201d<\/em><\/p>\n<p data-start=\"534\" data-end=\"609\">Les mestres de l&#8217;escoleta \ud83d\udc9c<\/p>\n","protected":false},"excerpt":{"rendered":"<p>Els primers dies a l\u2019escoleta s\u00f3n plens de descobertes! \u2728Els infants han anat explorant els espais, jugant amb els materials i les joguines, i a poc a poc van trobant el seu lloc i van creant vincles.<br \/>\nLes rutines els ajuden a sentir-se segurs i tranquils,&hellip;  <a href=\"https:\/\/agora.xtec.cat\/ceipfmacia-orrius\/general\/primers-dies-a-lescoleta-2\/\" title=\"Read PRIMERS DIES A L&#8217;ESCOLETA\">Llegeix m\u00e9s\u00bb<\/a><\/p>\n","protected":false},"author":58,"featured_media":4846,"comment_status":"open","ping_status":"open","sticky":false,"template":"","format":"standard","meta":{"_bbp_topic_count":0,"_bbp_reply_count":0,"_bbp_total_topic_count":0,"_bbp_total_reply_count":0,"_bbp_voice_count":0,"_bbp_anonymous_reply_count":0,"_bbp_topic_count_hidden":0,"_bbp_reply_count_hidden":0,"_bbp_forum_subforum_count":0,"footnotes":""},"categories":[170,1,4],"tags":[179],"class_list":["post-4845","post","type-post","status-publish","format-standard","has-post-thumbnail","hentry","category-escoleta","category-general","category-portada","tag-escoleta"],"post_mailing_queue_ids":[],"_links":{"self":[{"href":"https:\/\/agora.xtec.cat\/ceipfmacia-orrius\/wp-json\/wp\/v2\/posts\/4845","targetHints":{"allow":["GET"]}}],"collection":[{"href":"https:\/\/agora.xtec.cat\/ceipfmacia-orrius\/wp-json\/wp\/v2\/posts"}],"about":[{"href":"https:\/\/agora.xtec.cat\/ceipfmacia-orrius\/wp-json\/wp\/v2\/types\/post"}],"author":[{"embeddable":true,"href":"https:\/\/agora.xtec.cat\/ceipfmacia-orrius\/wp-json\/wp\/v2\/users\/58"}],"replies":[{"embeddable":true,"href":"https:\/\/agora.xtec.cat\/ceipfmacia-orrius\/wp-json\/wp\/v2\/comments?post=4845"}],"version-history":[{"count":2,"href":"https:\/\/agora.xtec.cat\/ceipfmacia-orrius\/wp-json\/wp\/v2\/posts\/4845\/revisions"}],"predecessor-version":[{"id":4848,"href":"https:\/\/agora.xtec.cat\/ceipfmacia-orrius\/wp-json\/wp\/v2\/posts\/4845\/revisions\/4848"}],"wp:featuredmedia":[{"embeddable":true,"href":"https:\/\/agora.xtec.cat\/ceipfmacia-orrius\/wp-json\/wp\/v2\/media\/4846"}],"wp:attachment":[{"href":"https:\/\/agora.xtec.cat\/ceipfmacia-orrius\/wp-json\/wp\/v2\/media?parent=4845"}],"wp:term":[{"taxonomy":"category","embeddable":true,"href":"https:\/\/agora.xtec.cat\/ceipfmacia-orrius\/wp-json\/wp\/v2\/categories?post=4845"},{"taxonomy":"post_tag","embeddable":true,"href":"https:\/\/agora.xtec.cat\/ceipfmacia-orrius\/wp-json\/wp\/v2\/tags?post=4845"}],"curies":[{"name":"wp","href":"https:\/\/api.w.org\/{rel}","templated":true}]}}