{"id":4759,"date":"2025-06-11T12:27:21","date_gmt":"2025-06-11T10:27:21","guid":{"rendered":"https:\/\/agora.xtec.cat\/ceipfmacia-orrius\/?p=4759"},"modified":"2025-06-11T12:49:04","modified_gmt":"2025-06-11T10:49:04","slug":"ei-de-visita-al-mnactec","status":"publish","type":"post","link":"https:\/\/agora.xtec.cat\/ceipfmacia-orrius\/general\/ei-de-visita-al-mnactec\/","title":{"rendered":"EI DE VISITA AL MNACTEC"},"content":{"rendered":"<p data-pm-slice=\"1 1 []\">El passat 6 de juny, l&#8217;alumnat d&#8217;I3, I4, I5 va gaudir molt\u00edssim de la darrera sortida del curs, vam anar al museu <a href=\"https:\/\/visitmuseum.gencat.cat\/ca\/museu\/museu-nacional-de-la-ciencia-i-la-tecnica-de-catalunya-mnactec\/informacio-i-mapa\">MNACTEC<\/a> de Terrassa. No nom\u00e9s es va gaudir de la visita al museu on vam veure vehicles, maquetes de trens, curiositats del cos hum\u00e0,&#8230; sin\u00f3 que el taller d&#8217;experimentaci\u00f3 0-6 va ser tot un \u00e8xit.<\/p>\n<p>Cliqueu <a href=\"https:\/\/drive.google.com\/drive\/folders\/1wm6yzPS8P_LI-98uJFkBlqRUy1bWOonB?usp=sharing\">l&#8217;enlla\u00e7<\/a> per veure les fotos.<\/p>\n","protected":false},"excerpt":{"rendered":"<p>El passat 6 de juny, l&#8217;alumnat d&#8217;I3, I4, I5 va gaudir molt\u00edssim de la darrera sortida del curs, vam anar al museu <a href=\"https:\/\/visitmuseum.gencat.cat\/ca\/museu\/museu-nacional-de-la-ciencia-i-la-tecnica-de-catalunya-mnactec\/informacio-i-mapa\">MNACTEC<\/a> de Terrassa. No nom\u00e9s es va gaudir de la visita al museu on vam veure vehicles, maquetes de trens, curiositats del&hellip;  <a href=\"https:\/\/agora.xtec.cat\/ceipfmacia-orrius\/general\/ei-de-visita-al-mnactec\/\" title=\"Read EI DE VISITA AL MNACTEC\">Llegeix m\u00e9s\u00bb<\/a><\/p>\n","protected":false},"author":1,"featured_media":4760,"comment_status":"open","ping_status":"open","sticky":false,"template":"","format":"standard","meta":{"_bbp_topic_count":0,"_bbp_reply_count":0,"_bbp_total_topic_count":0,"_bbp_total_reply_count":0,"_bbp_voice_count":0,"_bbp_anonymous_reply_count":0,"_bbp_topic_count_hidden":0,"_bbp_reply_count_hidden":0,"_bbp_forum_subforum_count":0,"footnotes":""},"categories":[1,2,4],"tags":[],"class_list":["post-4759","post","type-post","status-publish","format-standard","has-post-thumbnail","hentry","category-general","category-infantil","category-portada"],"post_mailing_queue_ids":[],"_links":{"self":[{"href":"https:\/\/agora.xtec.cat\/ceipfmacia-orrius\/wp-json\/wp\/v2\/posts\/4759","targetHints":{"allow":["GET"]}}],"collection":[{"href":"https:\/\/agora.xtec.cat\/ceipfmacia-orrius\/wp-json\/wp\/v2\/posts"}],"about":[{"href":"https:\/\/agora.xtec.cat\/ceipfmacia-orrius\/wp-json\/wp\/v2\/types\/post"}],"author":[{"embeddable":true,"href":"https:\/\/agora.xtec.cat\/ceipfmacia-orrius\/wp-json\/wp\/v2\/users\/1"}],"replies":[{"embeddable":true,"href":"https:\/\/agora.xtec.cat\/ceipfmacia-orrius\/wp-json\/wp\/v2\/comments?post=4759"}],"version-history":[{"count":1,"href":"https:\/\/agora.xtec.cat\/ceipfmacia-orrius\/wp-json\/wp\/v2\/posts\/4759\/revisions"}],"predecessor-version":[{"id":4761,"href":"https:\/\/agora.xtec.cat\/ceipfmacia-orrius\/wp-json\/wp\/v2\/posts\/4759\/revisions\/4761"}],"wp:featuredmedia":[{"embeddable":true,"href":"https:\/\/agora.xtec.cat\/ceipfmacia-orrius\/wp-json\/wp\/v2\/media\/4760"}],"wp:attachment":[{"href":"https:\/\/agora.xtec.cat\/ceipfmacia-orrius\/wp-json\/wp\/v2\/media?parent=4759"}],"wp:term":[{"taxonomy":"category","embeddable":true,"href":"https:\/\/agora.xtec.cat\/ceipfmacia-orrius\/wp-json\/wp\/v2\/categories?post=4759"},{"taxonomy":"post_tag","embeddable":true,"href":"https:\/\/agora.xtec.cat\/ceipfmacia-orrius\/wp-json\/wp\/v2\/tags?post=4759"}],"curies":[{"name":"wp","href":"https:\/\/api.w.org\/{rel}","templated":true}]}}