{"id":4563,"date":"2025-05-13T13:23:52","date_gmt":"2025-05-13T11:23:52","guid":{"rendered":"https:\/\/agora.xtec.cat\/ceipfmacia-orrius\/?p=4563"},"modified":"2025-05-13T13:23:52","modified_gmt":"2025-05-13T11:23:52","slug":"lescoleta-a-les-aules-dinfantil","status":"publish","type":"post","link":"https:\/\/agora.xtec.cat\/ceipfmacia-orrius\/general\/lescoleta-a-les-aules-dinfantil\/","title":{"rendered":"L&#8217;ESCOLETA A LES AULES D&#8217;INFANTIL"},"content":{"rendered":"<p data-pm-slice=\"1 1 []\">Els infants de l&#8217;escoleta, hem compartit espai i jocs amb els nens i les nenes d&#8217;infantil i prim\u00e0ria que no han anat de col\u00f2nies i s&#8217;han quedat al centre.<\/p>\n<p>Hem pogut gaudir del pati, de les aules d&#8217;infantil i de tot el joc simb\u00f2lic que hi tenen all\u00e0, hem compartit una sessi\u00f3 de psicomotricitat i hem descobert nou material com les baldufes gegants i les pilotes per saltar.<\/p>\n<p>Tamb\u00e9 hem anat a l&#8217;aula de cicle inicial i ens han ensenyat un planetari que es reflectia al sostre.<\/p>\n<p>Han estat unes trobades molt boniques i ara tenim ganes de fer-ne m\u00e9s!<\/p>\n<p>Si feu clic\u00a0 <a href=\"https:\/\/drive.google.com\/drive\/folders\/1lOYCc33-MR4-muaHLp83ALAULxb-fBWO?usp=drive_link\">aqu\u00ed \u00a0 \ud83d\udcf7\u00a0<\/a>\u00a0 \u00a0podreu xafardejar una mica.\ud83d\ude09\u200b<\/p>\n<p>Les mestres de l&#8217;escoleta\u00a0 \ud83d\udc9c\u200b<\/p>\n","protected":false},"excerpt":{"rendered":"<p>Els infants de l&#8217;escoleta, hem compartit espai i jocs amb els nens i les nenes d&#8217;infantil i prim\u00e0ria que no han anat de col\u00f2nies i s&#8217;han quedat al centre.<br \/>\nHem pogut gaudir del pati, de les aules d&#8217;infantil i de tot el joc simb\u00f2lic que hi&hellip;  <a href=\"https:\/\/agora.xtec.cat\/ceipfmacia-orrius\/general\/lescoleta-a-les-aules-dinfantil\/\" title=\"Read L&#8217;ESCOLETA A LES AULES D&#8217;INFANTIL\">Llegeix m\u00e9s\u00bb<\/a><\/p>\n","protected":false},"author":58,"featured_media":4565,"comment_status":"open","ping_status":"closed","sticky":false,"template":"","format":"standard","meta":{"_bbp_topic_count":0,"_bbp_reply_count":0,"_bbp_total_topic_count":0,"_bbp_total_reply_count":0,"_bbp_voice_count":0,"_bbp_anonymous_reply_count":0,"_bbp_topic_count_hidden":0,"_bbp_reply_count_hidden":0,"_bbp_forum_subforum_count":0,"footnotes":""},"categories":[170,1,4],"tags":[179],"class_list":["post-4563","post","type-post","status-publish","format-standard","has-post-thumbnail","hentry","category-escoleta","category-general","category-portada","tag-escoleta"],"post_mailing_queue_ids":[],"_links":{"self":[{"href":"https:\/\/agora.xtec.cat\/ceipfmacia-orrius\/wp-json\/wp\/v2\/posts\/4563","targetHints":{"allow":["GET"]}}],"collection":[{"href":"https:\/\/agora.xtec.cat\/ceipfmacia-orrius\/wp-json\/wp\/v2\/posts"}],"about":[{"href":"https:\/\/agora.xtec.cat\/ceipfmacia-orrius\/wp-json\/wp\/v2\/types\/post"}],"author":[{"embeddable":true,"href":"https:\/\/agora.xtec.cat\/ceipfmacia-orrius\/wp-json\/wp\/v2\/users\/58"}],"replies":[{"embeddable":true,"href":"https:\/\/agora.xtec.cat\/ceipfmacia-orrius\/wp-json\/wp\/v2\/comments?post=4563"}],"version-history":[{"count":4,"href":"https:\/\/agora.xtec.cat\/ceipfmacia-orrius\/wp-json\/wp\/v2\/posts\/4563\/revisions"}],"predecessor-version":[{"id":4647,"href":"https:\/\/agora.xtec.cat\/ceipfmacia-orrius\/wp-json\/wp\/v2\/posts\/4563\/revisions\/4647"}],"wp:featuredmedia":[{"embeddable":true,"href":"https:\/\/agora.xtec.cat\/ceipfmacia-orrius\/wp-json\/wp\/v2\/media\/4565"}],"wp:attachment":[{"href":"https:\/\/agora.xtec.cat\/ceipfmacia-orrius\/wp-json\/wp\/v2\/media?parent=4563"}],"wp:term":[{"taxonomy":"category","embeddable":true,"href":"https:\/\/agora.xtec.cat\/ceipfmacia-orrius\/wp-json\/wp\/v2\/categories?post=4563"},{"taxonomy":"post_tag","embeddable":true,"href":"https:\/\/agora.xtec.cat\/ceipfmacia-orrius\/wp-json\/wp\/v2\/tags?post=4563"}],"curies":[{"name":"wp","href":"https:\/\/api.w.org\/{rel}","templated":true}]}}