{"id":4352,"date":"2025-05-08T10:58:11","date_gmt":"2025-05-08T08:58:11","guid":{"rendered":"https:\/\/agora.xtec.cat\/ceipfmacia-orrius\/?p=4352"},"modified":"2025-05-09T15:24:32","modified_gmt":"2025-05-09T13:24:32","slug":"som-de-colonies","status":"publish","type":"post","link":"https:\/\/agora.xtec.cat\/ceipfmacia-orrius\/portada\/som-de-colonies\/","title":{"rendered":"SOM DE COL\u00d2NIES!"},"content":{"rendered":"<p data-pm-slice=\"1 1 []\">Els dies 7, 8, i 9 de maig l&#8217;alumnat d&#8217;infantil i prim\u00e0ria de l&#8217;escola t\u00e9 l&#8217;oportunitat de gaudir de les col\u00f2nies. Aquest any han anat a la casa de col\u00f2nies &#8220;Can Miquel\u00f3 &#8221; a Sant Mart\u00ed de Centelles i la tem\u00e0tica d&#8217;enguany \u00e9s l&#8217;Univers. I qu\u00e8 millor que veure amb imatges com estan anant les col\u00f2nies, m\u00e9s que no pas explicar-ho. \u00c9s per aix\u00f2 que us deixem els enlla\u00e7os perqu\u00e8 pugueu mirar el que han fet cada dia.<\/p>\n<p><a href=\"https:\/\/drive.google.com\/drive\/folders\/1K02czp1NyH6L26pR9HfMYWIAFyp8jcpc?usp=sharing\">Enlla\u00e7<\/a> a la carpeta de col\u00f2nies.(recordeu entrar a l&#8217;enlla\u00e7 amb el correu del vostre fill\/a)<\/p>\n<p>Tamb\u00e9 podeu obrir <a href=\"https:\/\/drive.google.com\/drive\/folders\/14rtXcIB7MrajJBuFfN6Uq2n577YQpBuN?usp=sharing\">aquest enlla\u00e7<\/a> i veureu les imatges de l&#8217;alumnat que no ha anat de col\u00f2nies i s&#8217;ha quedat a l&#8217;escola fent activitats de l&#8217;univers.<\/p>\n","protected":false},"excerpt":{"rendered":"<p>Els dies 7, 8, i 9 de maig l&#8217;alumnat d&#8217;infantil i prim\u00e0ria de l&#8217;escola t\u00e9 l&#8217;oportunitat de gaudir de les col\u00f2nies. Aquest any han anat a la casa de col\u00f2nies &#8220;Can Miquel\u00f3 &#8221; a Sant Mart\u00ed de Centelles i la tem\u00e0tica d&#8217;enguany \u00e9s l&#8217;Univers. I&hellip;  <a href=\"https:\/\/agora.xtec.cat\/ceipfmacia-orrius\/portada\/som-de-colonies\/\" title=\"Read SOM DE COL\u00d2NIES!\">Llegeix m\u00e9s\u00bb<\/a><\/p>\n","protected":false},"author":1,"featured_media":4355,"comment_status":"open","ping_status":"closed","sticky":false,"template":"","format":"standard","meta":{"_bbp_topic_count":0,"_bbp_reply_count":0,"_bbp_total_topic_count":0,"_bbp_total_reply_count":0,"_bbp_voice_count":0,"_bbp_anonymous_reply_count":0,"_bbp_topic_count_hidden":0,"_bbp_reply_count_hidden":0,"_bbp_forum_subforum_count":0,"footnotes":""},"categories":[4],"tags":[],"class_list":["post-4352","post","type-post","status-publish","format-standard","has-post-thumbnail","hentry","category-portada"],"post_mailing_queue_ids":[],"_links":{"self":[{"href":"https:\/\/agora.xtec.cat\/ceipfmacia-orrius\/wp-json\/wp\/v2\/posts\/4352","targetHints":{"allow":["GET"]}}],"collection":[{"href":"https:\/\/agora.xtec.cat\/ceipfmacia-orrius\/wp-json\/wp\/v2\/posts"}],"about":[{"href":"https:\/\/agora.xtec.cat\/ceipfmacia-orrius\/wp-json\/wp\/v2\/types\/post"}],"author":[{"embeddable":true,"href":"https:\/\/agora.xtec.cat\/ceipfmacia-orrius\/wp-json\/wp\/v2\/users\/1"}],"replies":[{"embeddable":true,"href":"https:\/\/agora.xtec.cat\/ceipfmacia-orrius\/wp-json\/wp\/v2\/comments?post=4352"}],"version-history":[{"count":4,"href":"https:\/\/agora.xtec.cat\/ceipfmacia-orrius\/wp-json\/wp\/v2\/posts\/4352\/revisions"}],"predecessor-version":[{"id":4562,"href":"https:\/\/agora.xtec.cat\/ceipfmacia-orrius\/wp-json\/wp\/v2\/posts\/4352\/revisions\/4562"}],"wp:featuredmedia":[{"embeddable":true,"href":"https:\/\/agora.xtec.cat\/ceipfmacia-orrius\/wp-json\/wp\/v2\/media\/4355"}],"wp:attachment":[{"href":"https:\/\/agora.xtec.cat\/ceipfmacia-orrius\/wp-json\/wp\/v2\/media?parent=4352"}],"wp:term":[{"taxonomy":"category","embeddable":true,"href":"https:\/\/agora.xtec.cat\/ceipfmacia-orrius\/wp-json\/wp\/v2\/categories?post=4352"},{"taxonomy":"post_tag","embeddable":true,"href":"https:\/\/agora.xtec.cat\/ceipfmacia-orrius\/wp-json\/wp\/v2\/tags?post=4352"}],"curies":[{"name":"wp","href":"https:\/\/api.w.org\/{rel}","templated":true}]}}