{"id":4177,"date":"2025-04-10T11:42:57","date_gmt":"2025-04-10T09:42:57","guid":{"rendered":"https:\/\/agora.xtec.cat\/ceipfmacia-orrius\/?p=4177"},"modified":"2025-04-10T11:42:57","modified_gmt":"2025-04-10T09:42:57","slug":"marietes-a-lescoleta","status":"publish","type":"post","link":"https:\/\/agora.xtec.cat\/ceipfmacia-orrius\/general\/marietes-a-lescoleta\/","title":{"rendered":"MARIETES A L&#8217;ESCOLETA"},"content":{"rendered":"<p data-pm-slice=\"1 1 []\">&#8220;Et dir\u00e9 un secret molt fi,<\/p>\n<p data-pm-slice=\"1 1 []\">la primavera \u00e9s aqu\u00ed!<\/p>\n<p>Ha cantat una can\u00e7\u00f3<\/p>\n<p>i ha florit el teu balc\u00f3.&#8221;<\/p>\n<p>La primavera va arribar a l&#8217;escoleta amb la visita de la Folleta Lila que com cada any en aquesta \u00e8poca ens sorpr\u00e8n amb contes, flors, poesies i can\u00e7ons.<\/p>\n<p>I, tot jugant, entre titelles, imatges, i pintura vermella&#8230; sortim al pati i descobrim que les marietes ens venen a visitar i que alcen el vol com a la can\u00e7\u00f3 que tantes vegades hem repetit aquests dies: &#8220;Marieta, vola, vola, tu que portes camisola,si m\u2019ensenyes el cam\u00ed del cel, jo et donar\u00e9 pa amb mel&#8221;.<\/p>\n<p>Us deixem\u00a0<a href=\"https:\/\/drive.google.com\/drive\/folders\/15PgqYSy1fGP5kLH0jQr4-p3YVllc3CDo?usp=sharing\">fotografies <\/a>\u00a0de totes les petites\/grans decobertes que estem fent.<\/p>\n<p>Les mestres de l&#8217;escoleta \u2665<\/p>\n","protected":false},"excerpt":{"rendered":"<p>&#8220;Et dir\u00e9 un secret molt fi,<br \/>\nla primavera \u00e9s aqu\u00ed!<br \/>\nHa cantat una can\u00e7\u00f3<br \/>\ni ha florit el teu balc\u00f3.&#8221;<br \/>\nLa primavera va arribar a l&#8217;escoleta amb la visita de la Folleta Lila que com cada any en aquesta \u00e8poca ens sorpr\u00e8n amb contes, flors, poesies i can\u00e7ons.<br \/>\nI, tot&hellip;  <a href=\"https:\/\/agora.xtec.cat\/ceipfmacia-orrius\/general\/marietes-a-lescoleta\/\" title=\"Read MARIETES A L&#8217;ESCOLETA\">Llegeix m\u00e9s\u00bb<\/a><\/p>\n","protected":false},"author":58,"featured_media":4178,"comment_status":"open","ping_status":"closed","sticky":false,"template":"","format":"standard","meta":{"_bbp_topic_count":0,"_bbp_reply_count":0,"_bbp_total_topic_count":0,"_bbp_total_reply_count":0,"_bbp_voice_count":0,"_bbp_anonymous_reply_count":0,"_bbp_topic_count_hidden":0,"_bbp_reply_count_hidden":0,"_bbp_forum_subforum_count":0,"footnotes":""},"categories":[170,1,4],"tags":[179,182],"class_list":["post-4177","post","type-post","status-publish","format-standard","has-post-thumbnail","hentry","category-escoleta","category-general","category-portada","tag-escoleta","tag-primavera"],"post_mailing_queue_ids":[],"_links":{"self":[{"href":"https:\/\/agora.xtec.cat\/ceipfmacia-orrius\/wp-json\/wp\/v2\/posts\/4177","targetHints":{"allow":["GET"]}}],"collection":[{"href":"https:\/\/agora.xtec.cat\/ceipfmacia-orrius\/wp-json\/wp\/v2\/posts"}],"about":[{"href":"https:\/\/agora.xtec.cat\/ceipfmacia-orrius\/wp-json\/wp\/v2\/types\/post"}],"author":[{"embeddable":true,"href":"https:\/\/agora.xtec.cat\/ceipfmacia-orrius\/wp-json\/wp\/v2\/users\/58"}],"replies":[{"embeddable":true,"href":"https:\/\/agora.xtec.cat\/ceipfmacia-orrius\/wp-json\/wp\/v2\/comments?post=4177"}],"version-history":[{"count":3,"href":"https:\/\/agora.xtec.cat\/ceipfmacia-orrius\/wp-json\/wp\/v2\/posts\/4177\/revisions"}],"predecessor-version":[{"id":4181,"href":"https:\/\/agora.xtec.cat\/ceipfmacia-orrius\/wp-json\/wp\/v2\/posts\/4177\/revisions\/4181"}],"wp:featuredmedia":[{"embeddable":true,"href":"https:\/\/agora.xtec.cat\/ceipfmacia-orrius\/wp-json\/wp\/v2\/media\/4178"}],"wp:attachment":[{"href":"https:\/\/agora.xtec.cat\/ceipfmacia-orrius\/wp-json\/wp\/v2\/media?parent=4177"}],"wp:term":[{"taxonomy":"category","embeddable":true,"href":"https:\/\/agora.xtec.cat\/ceipfmacia-orrius\/wp-json\/wp\/v2\/categories?post=4177"},{"taxonomy":"post_tag","embeddable":true,"href":"https:\/\/agora.xtec.cat\/ceipfmacia-orrius\/wp-json\/wp\/v2\/tags?post=4177"}],"curies":[{"name":"wp","href":"https:\/\/api.w.org\/{rel}","templated":true}]}}