{"id":4174,"date":"2025-04-04T15:08:17","date_gmt":"2025-04-04T13:08:17","guid":{"rendered":"https:\/\/agora.xtec.cat\/ceipfmacia-orrius\/?p=4174"},"modified":"2025-04-04T15:08:17","modified_gmt":"2025-04-04T13:08:17","slug":"exit-de-la-campanya-de-donacio-de-sang","status":"publish","type":"post","link":"https:\/\/agora.xtec.cat\/ceipfmacia-orrius\/portada\/exit-de-la-campanya-de-donacio-de-sang\/","title":{"rendered":"\u00c8XIT DE LA CAMPANYA DE DONACI\u00d3 DE SANG!!"},"content":{"rendered":"<div dir=\"auto\">La campanya de donaci\u00f3 de sang ha estat un \u00e8xit!! \u00a0Els i les alumnes de CM han col\u2022laborat en l&#8217;organitzaci\u00f3 i difusi\u00f3 de la campanya amb entusiasme i esfor\u00e7 , conjuntament amb el @Banc de<\/div>\n<div dir=\"auto\"><\/div>\n<div dir=\"auto\">Sang i Teixits.<\/div>\n<div dir=\"auto\"><\/div>\n<div dir=\"auto\">Gr\u00e0cies a tots i totes els que heu pogut venir a donar sang! \u00a0<strong>Sang pots donar, i a molts pots curar.<\/strong><\/div>\n<div dir=\"auto\"><\/div>\n<div dir=\"auto\"><a href=\"https:\/\/drive.google.com\/drive\/folders\/1RI7j47i9CRB0LF-a46CbIZ356ZAytQ3a?usp=sharing\">Aqu\u00ed<\/a> podeu mirar les fotos.<\/div>\n","protected":false},"excerpt":{"rendered":"<p>La campanya de donaci\u00f3 de sang ha estat un \u00e8xit!! \u00a0Els i les alumnes de CM han col\u2022laborat en l&#8217;organitzaci\u00f3 i difusi\u00f3 de la campanya amb entusiasme i esfor\u00e7 , conjuntament amb el @Banc de<\/p>\n<p>Sang i Teixits.<\/p>\n<p>Gr\u00e0cies a tots i totes els que heu pogut&hellip;  <a href=\"https:\/\/agora.xtec.cat\/ceipfmacia-orrius\/portada\/exit-de-la-campanya-de-donacio-de-sang\/\" title=\"Read \u00c8XIT DE LA CAMPANYA DE DONACI\u00d3 DE SANG!!\">Llegeix m\u00e9s\u00bb<\/a><\/p>\n","protected":false},"author":1,"featured_media":4175,"comment_status":"open","ping_status":"closed","sticky":false,"template":"","format":"standard","meta":{"_bbp_topic_count":0,"_bbp_reply_count":0,"_bbp_total_topic_count":0,"_bbp_total_reply_count":0,"_bbp_voice_count":0,"_bbp_anonymous_reply_count":0,"_bbp_topic_count_hidden":0,"_bbp_reply_count_hidden":0,"_bbp_forum_subforum_count":0,"footnotes":""},"categories":[60,13,4],"tags":[],"class_list":["post-4174","post","type-post","status-publish","format-standard","has-post-thumbnail","hentry","category-cm","category-mascotes-olimpiques","category-portada"],"post_mailing_queue_ids":[],"_links":{"self":[{"href":"https:\/\/agora.xtec.cat\/ceipfmacia-orrius\/wp-json\/wp\/v2\/posts\/4174","targetHints":{"allow":["GET"]}}],"collection":[{"href":"https:\/\/agora.xtec.cat\/ceipfmacia-orrius\/wp-json\/wp\/v2\/posts"}],"about":[{"href":"https:\/\/agora.xtec.cat\/ceipfmacia-orrius\/wp-json\/wp\/v2\/types\/post"}],"author":[{"embeddable":true,"href":"https:\/\/agora.xtec.cat\/ceipfmacia-orrius\/wp-json\/wp\/v2\/users\/1"}],"replies":[{"embeddable":true,"href":"https:\/\/agora.xtec.cat\/ceipfmacia-orrius\/wp-json\/wp\/v2\/comments?post=4174"}],"version-history":[{"count":1,"href":"https:\/\/agora.xtec.cat\/ceipfmacia-orrius\/wp-json\/wp\/v2\/posts\/4174\/revisions"}],"predecessor-version":[{"id":4176,"href":"https:\/\/agora.xtec.cat\/ceipfmacia-orrius\/wp-json\/wp\/v2\/posts\/4174\/revisions\/4176"}],"wp:featuredmedia":[{"embeddable":true,"href":"https:\/\/agora.xtec.cat\/ceipfmacia-orrius\/wp-json\/wp\/v2\/media\/4175"}],"wp:attachment":[{"href":"https:\/\/agora.xtec.cat\/ceipfmacia-orrius\/wp-json\/wp\/v2\/media?parent=4174"}],"wp:term":[{"taxonomy":"category","embeddable":true,"href":"https:\/\/agora.xtec.cat\/ceipfmacia-orrius\/wp-json\/wp\/v2\/categories?post=4174"},{"taxonomy":"post_tag","embeddable":true,"href":"https:\/\/agora.xtec.cat\/ceipfmacia-orrius\/wp-json\/wp\/v2\/tags?post=4174"}],"curies":[{"name":"wp","href":"https:\/\/api.w.org\/{rel}","templated":true}]}}