{"id":4167,"date":"2025-03-14T12:19:03","date_gmt":"2025-03-14T11:19:03","guid":{"rendered":"https:\/\/agora.xtec.cat\/ceipfmacia-orrius\/?p=4167"},"modified":"2025-03-31T12:26:40","modified_gmt":"2025-03-31T10:26:40","slug":"cm-i-cs-a-lauditori","status":"publish","type":"post","link":"https:\/\/agora.xtec.cat\/ceipfmacia-orrius\/general\/cm-i-cs-a-lauditori\/","title":{"rendered":"CM I CS A L&#8217;AUDITORI"},"content":{"rendered":"<p>El passat 13 de mar\u00e7 els alumnes de CM i Cs de l&#8217;escola van gaudir de l&#8217;espectacle musical <a href=\"https:\/\/www.auditori.cat\/ca\/web-bandastic\/\">Band\u00e0stic<\/a> a l&#8217;Auditori de Barcelona.\u00a0 Tota una experi\u00e8ncia dins d\u2019un m\u00f3n de personatges band\u00e0stics amb m\u00fasiques espectaculars!<\/p>\n<p><a href=\"https:\/\/drive.google.com\/drive\/folders\/1jqyFWHjGE5YdIM1EZvgM6FOK3dHtTZsO?usp=sharing\">Aqu\u00ed<\/a> podeu mirar les fotografies.<\/p>\n","protected":false},"excerpt":{"rendered":"<p>El passat 13 de mar\u00e7 els alumnes de CM i Cs de l&#8217;escola van gaudir de l&#8217;espectacle musical <a href=\"https:\/\/www.auditori.cat\/ca\/web-bandastic\/\">Band\u00e0stic<\/a> a l&#8217;Auditori de Barcelona.\u00a0 Tota una experi\u00e8ncia dins d\u2019un m\u00f3n de personatges band\u00e0stics amb m\u00fasiques espectaculars!<br \/>\n<a href=\"https:\/\/drive.google.com\/drive\/folders\/1jqyFWHjGE5YdIM1EZvgM6FOK3dHtTZsO?usp=sharing\">Aqu\u00ed<\/a> podeu mirar les fotografies.<\/p>\n","protected":false},"author":1,"featured_media":4168,"comment_status":"open","ping_status":"closed","sticky":false,"template":"","format":"standard","meta":{"_bbp_topic_count":0,"_bbp_reply_count":0,"_bbp_total_topic_count":0,"_bbp_total_reply_count":0,"_bbp_voice_count":0,"_bbp_anonymous_reply_count":0,"_bbp_topic_count_hidden":0,"_bbp_reply_count_hidden":0,"_bbp_forum_subforum_count":0,"footnotes":""},"categories":[60,61,1,4],"tags":[],"class_list":["post-4167","post","type-post","status-publish","format-standard","has-post-thumbnail","hentry","category-cm","category-cs","category-general","category-portada"],"post_mailing_queue_ids":[],"_links":{"self":[{"href":"https:\/\/agora.xtec.cat\/ceipfmacia-orrius\/wp-json\/wp\/v2\/posts\/4167","targetHints":{"allow":["GET"]}}],"collection":[{"href":"https:\/\/agora.xtec.cat\/ceipfmacia-orrius\/wp-json\/wp\/v2\/posts"}],"about":[{"href":"https:\/\/agora.xtec.cat\/ceipfmacia-orrius\/wp-json\/wp\/v2\/types\/post"}],"author":[{"embeddable":true,"href":"https:\/\/agora.xtec.cat\/ceipfmacia-orrius\/wp-json\/wp\/v2\/users\/1"}],"replies":[{"embeddable":true,"href":"https:\/\/agora.xtec.cat\/ceipfmacia-orrius\/wp-json\/wp\/v2\/comments?post=4167"}],"version-history":[{"count":1,"href":"https:\/\/agora.xtec.cat\/ceipfmacia-orrius\/wp-json\/wp\/v2\/posts\/4167\/revisions"}],"predecessor-version":[{"id":4169,"href":"https:\/\/agora.xtec.cat\/ceipfmacia-orrius\/wp-json\/wp\/v2\/posts\/4167\/revisions\/4169"}],"wp:featuredmedia":[{"embeddable":true,"href":"https:\/\/agora.xtec.cat\/ceipfmacia-orrius\/wp-json\/wp\/v2\/media\/4168"}],"wp:attachment":[{"href":"https:\/\/agora.xtec.cat\/ceipfmacia-orrius\/wp-json\/wp\/v2\/media?parent=4167"}],"wp:term":[{"taxonomy":"category","embeddable":true,"href":"https:\/\/agora.xtec.cat\/ceipfmacia-orrius\/wp-json\/wp\/v2\/categories?post=4167"},{"taxonomy":"post_tag","embeddable":true,"href":"https:\/\/agora.xtec.cat\/ceipfmacia-orrius\/wp-json\/wp\/v2\/tags?post=4167"}],"curies":[{"name":"wp","href":"https:\/\/api.w.org\/{rel}","templated":true}]}}