{"id":4158,"date":"2025-03-28T15:10:19","date_gmt":"2025-03-28T14:10:19","guid":{"rendered":"https:\/\/agora.xtec.cat\/ceipfmacia-orrius\/?p=4158"},"modified":"2025-03-28T15:10:48","modified_gmt":"2025-03-28T14:10:48","slug":"cs-visita-al-museu-dhistoria-de-catalunya","status":"publish","type":"post","link":"https:\/\/agora.xtec.cat\/ceipfmacia-orrius\/portada\/cs-visita-al-museu-dhistoria-de-catalunya\/","title":{"rendered":"CS VISITA AL MUSEU D&#8217;HIST\u00d2RIA DE CATALUNYA"},"content":{"rendered":"<p data-pm-slice=\"1 1 []\">El passat divendres 21 de mar\u00e7 els infants de CS van anar gaudir d&#8217;una visita al Museu d&#8217;hist\u00f2ria de Catalunya realitzant l&#8217;activitat titulada&#8221; Del s\u00edlex al p\u00edxel&#8221; on van poder veure l&#8217;evoluci\u00f3 de la tecnologia al llarg de les diferents etapes de la hist\u00f2ria. Ha estat una sortida molt profitosa on hem gaudit i apr\u00e8s molt i sobretot per continuar desenvolupant el projecte d&#8217;aula.<\/p>\n<p><a href=\"https:\/\/drive.google.com\/drive\/folders\/106kLn8PLbLUafYjaTTeOTf4UK_3NFF7o?usp=sharing\">Mireu les imatges!<\/a><\/p>\n","protected":false},"excerpt":{"rendered":"<p>El passat divendres 21 de mar\u00e7 els infants de CS van anar gaudir d&#8217;una visita al Museu d&#8217;hist\u00f2ria de Catalunya realitzant l&#8217;activitat titulada&#8221; Del s\u00edlex al p\u00edxel&#8221; on van poder veure l&#8217;evoluci\u00f3 de la tecnologia al llarg de les diferents etapes de la hist\u00f2ria. Ha&hellip;  <a href=\"https:\/\/agora.xtec.cat\/ceipfmacia-orrius\/portada\/cs-visita-al-museu-dhistoria-de-catalunya\/\" title=\"Read CS VISITA AL MUSEU D&#8217;HIST\u00d2RIA DE CATALUNYA\">Llegeix m\u00e9s\u00bb<\/a><\/p>\n","protected":false},"author":1,"featured_media":4159,"comment_status":"open","ping_status":"closed","sticky":false,"template":"","format":"standard","meta":{"_bbp_topic_count":0,"_bbp_reply_count":0,"_bbp_total_topic_count":0,"_bbp_total_reply_count":0,"_bbp_voice_count":0,"_bbp_anonymous_reply_count":0,"_bbp_topic_count_hidden":0,"_bbp_reply_count_hidden":0,"_bbp_forum_subforum_count":0,"footnotes":""},"categories":[4],"tags":[],"class_list":["post-4158","post","type-post","status-publish","format-standard","has-post-thumbnail","hentry","category-portada"],"post_mailing_queue_ids":[],"_links":{"self":[{"href":"https:\/\/agora.xtec.cat\/ceipfmacia-orrius\/wp-json\/wp\/v2\/posts\/4158","targetHints":{"allow":["GET"]}}],"collection":[{"href":"https:\/\/agora.xtec.cat\/ceipfmacia-orrius\/wp-json\/wp\/v2\/posts"}],"about":[{"href":"https:\/\/agora.xtec.cat\/ceipfmacia-orrius\/wp-json\/wp\/v2\/types\/post"}],"author":[{"embeddable":true,"href":"https:\/\/agora.xtec.cat\/ceipfmacia-orrius\/wp-json\/wp\/v2\/users\/1"}],"replies":[{"embeddable":true,"href":"https:\/\/agora.xtec.cat\/ceipfmacia-orrius\/wp-json\/wp\/v2\/comments?post=4158"}],"version-history":[{"count":1,"href":"https:\/\/agora.xtec.cat\/ceipfmacia-orrius\/wp-json\/wp\/v2\/posts\/4158\/revisions"}],"predecessor-version":[{"id":4160,"href":"https:\/\/agora.xtec.cat\/ceipfmacia-orrius\/wp-json\/wp\/v2\/posts\/4158\/revisions\/4160"}],"wp:featuredmedia":[{"embeddable":true,"href":"https:\/\/agora.xtec.cat\/ceipfmacia-orrius\/wp-json\/wp\/v2\/media\/4159"}],"wp:attachment":[{"href":"https:\/\/agora.xtec.cat\/ceipfmacia-orrius\/wp-json\/wp\/v2\/media?parent=4158"}],"wp:term":[{"taxonomy":"category","embeddable":true,"href":"https:\/\/agora.xtec.cat\/ceipfmacia-orrius\/wp-json\/wp\/v2\/categories?post=4158"},{"taxonomy":"post_tag","embeddable":true,"href":"https:\/\/agora.xtec.cat\/ceipfmacia-orrius\/wp-json\/wp\/v2\/tags?post=4158"}],"curies":[{"name":"wp","href":"https:\/\/api.w.org\/{rel}","templated":true}]}}