{"id":4155,"date":"2025-02-26T14:54:41","date_gmt":"2025-02-26T13:54:41","guid":{"rendered":"https:\/\/agora.xtec.cat\/ceipfmacia-orrius\/?p=4155"},"modified":"2025-03-28T15:02:40","modified_gmt":"2025-03-28T14:02:40","slug":"ci-i-cm-al-museu-de-titelles","status":"publish","type":"post","link":"https:\/\/agora.xtec.cat\/ceipfmacia-orrius\/general\/ci-i-cm-al-museu-de-titelles\/","title":{"rendered":"CI I CM AL MUSEU DE TITELLES"},"content":{"rendered":"<p>El dimarts 25 de febrer, les Anelles i Mascotes Ol\u00edmpiques vam anar a visitar el Museu Internacional de Titelles, a Palau-solit\u00e0 i Plegamans, i vam poder veure titelles de tot el m\u00f3n. No sab\u00edem que n&#8217;hi havia de tants tipus! Amb tota aquesta inspiraci\u00f3, farem uns titelles xul\u00edssims a les classes de Camins Art\u00edstics.<\/p>\n<p><a href=\"https:\/\/drive.google.com\/drive\/folders\/1TarX5OsLh6FKk9XNdxFHpppy7iyBpxgJ?usp=sharing\">Mireu les imatges<\/a>!<\/p>\n","protected":false},"excerpt":{"rendered":"<p>El dimarts 25 de febrer, les Anelles i Mascotes Ol\u00edmpiques vam anar a visitar el Museu Internacional de Titelles, a Palau-solit\u00e0 i Plegamans, i vam poder veure titelles de tot el m\u00f3n. No sab\u00edem que n&#8217;hi havia de tants tipus! Amb tota aquesta inspiraci\u00f3, farem&hellip;  <a href=\"https:\/\/agora.xtec.cat\/ceipfmacia-orrius\/general\/ci-i-cm-al-museu-de-titelles\/\" title=\"Read CI I CM AL MUSEU DE TITELLES\">Llegeix m\u00e9s\u00bb<\/a><\/p>\n","protected":false},"author":1,"featured_media":4156,"comment_status":"open","ping_status":"closed","sticky":false,"template":"","format":"standard","meta":{"_bbp_topic_count":0,"_bbp_reply_count":0,"_bbp_total_topic_count":0,"_bbp_total_reply_count":0,"_bbp_voice_count":0,"_bbp_anonymous_reply_count":0,"_bbp_topic_count_hidden":0,"_bbp_reply_count_hidden":0,"_bbp_forum_subforum_count":0,"footnotes":""},"categories":[1,4],"tags":[],"class_list":["post-4155","post","type-post","status-publish","format-standard","has-post-thumbnail","hentry","category-general","category-portada"],"post_mailing_queue_ids":[],"_links":{"self":[{"href":"https:\/\/agora.xtec.cat\/ceipfmacia-orrius\/wp-json\/wp\/v2\/posts\/4155","targetHints":{"allow":["GET"]}}],"collection":[{"href":"https:\/\/agora.xtec.cat\/ceipfmacia-orrius\/wp-json\/wp\/v2\/posts"}],"about":[{"href":"https:\/\/agora.xtec.cat\/ceipfmacia-orrius\/wp-json\/wp\/v2\/types\/post"}],"author":[{"embeddable":true,"href":"https:\/\/agora.xtec.cat\/ceipfmacia-orrius\/wp-json\/wp\/v2\/users\/1"}],"replies":[{"embeddable":true,"href":"https:\/\/agora.xtec.cat\/ceipfmacia-orrius\/wp-json\/wp\/v2\/comments?post=4155"}],"version-history":[{"count":1,"href":"https:\/\/agora.xtec.cat\/ceipfmacia-orrius\/wp-json\/wp\/v2\/posts\/4155\/revisions"}],"predecessor-version":[{"id":4157,"href":"https:\/\/agora.xtec.cat\/ceipfmacia-orrius\/wp-json\/wp\/v2\/posts\/4155\/revisions\/4157"}],"wp:featuredmedia":[{"embeddable":true,"href":"https:\/\/agora.xtec.cat\/ceipfmacia-orrius\/wp-json\/wp\/v2\/media\/4156"}],"wp:attachment":[{"href":"https:\/\/agora.xtec.cat\/ceipfmacia-orrius\/wp-json\/wp\/v2\/media?parent=4155"}],"wp:term":[{"taxonomy":"category","embeddable":true,"href":"https:\/\/agora.xtec.cat\/ceipfmacia-orrius\/wp-json\/wp\/v2\/categories?post=4155"},{"taxonomy":"post_tag","embeddable":true,"href":"https:\/\/agora.xtec.cat\/ceipfmacia-orrius\/wp-json\/wp\/v2\/tags?post=4155"}],"curies":[{"name":"wp","href":"https:\/\/api.w.org\/{rel}","templated":true}]}}