{"id":4149,"date":"2025-03-27T09:28:11","date_gmt":"2025-03-27T08:28:11","guid":{"rendered":"https:\/\/agora.xtec.cat\/ceipfmacia-orrius\/?p=4149"},"modified":"2025-04-04T15:09:03","modified_gmt":"2025-04-04T13:09:03","slug":"campanya-donacio-de-sang","status":"publish","type":"post","link":"https:\/\/agora.xtec.cat\/ceipfmacia-orrius\/portada\/campanya-donacio-de-sang\/","title":{"rendered":"CAMPANYA DONACI\u00d3 DE SANG"},"content":{"rendered":"<p>Enguany els infants de CM han organitzat la campanya de donaci\u00f3 de sang conjuntament amb el banc de sang i teixits. \u00c9s per aix\u00f2 que us convidem a participar del projecte el dimarts dia 1 d&#8217;abril a la tarda.<\/p>\n<p><a href=\"https:\/\/agora.xtec.cat\/ceipfmacia-orrius\/portada\/campanya-donacio-de-sang\/attachment\/escola-orrius-campanya-de-donacio-de-sang-1_page-0001\/\" rel=\"attachment wp-att-4150\"><img loading=\"lazy\" decoding=\"async\" class=\"size-medium wp-image-4150 alignleft\" src=\"https:\/\/agora.xtec.cat\/ceipfmacia-orrius\/wp-content\/uploads\/usu2067\/2025\/03\/Escola-Orrius-Campanya-de-donacio-de-sang-1_page-0001-212x300.jpg\" alt=\"\" width=\"212\" height=\"300\" srcset=\"https:\/\/agora.xtec.cat\/ceipfmacia-orrius\/wp-content\/uploads\/usu2067\/2025\/03\/Escola-Orrius-Campanya-de-donacio-de-sang-1_page-0001-212x300.jpg 212w, https:\/\/agora.xtec.cat\/ceipfmacia-orrius\/wp-content\/uploads\/usu2067\/2025\/03\/Escola-Orrius-Campanya-de-donacio-de-sang-1_page-0001-724x1024.jpg 724w, https:\/\/agora.xtec.cat\/ceipfmacia-orrius\/wp-content\/uploads\/usu2067\/2025\/03\/Escola-Orrius-Campanya-de-donacio-de-sang-1_page-0001-768x1086.jpg 768w, https:\/\/agora.xtec.cat\/ceipfmacia-orrius\/wp-content\/uploads\/usu2067\/2025\/03\/Escola-Orrius-Campanya-de-donacio-de-sang-1_page-0001-1086x1536.jpg 1086w, https:\/\/agora.xtec.cat\/ceipfmacia-orrius\/wp-content\/uploads\/usu2067\/2025\/03\/Escola-Orrius-Campanya-de-donacio-de-sang-1_page-0001-1448x2048.jpg 1448w, https:\/\/agora.xtec.cat\/ceipfmacia-orrius\/wp-content\/uploads\/usu2067\/2025\/03\/Escola-Orrius-Campanya-de-donacio-de-sang-1_page-0001.jpg 1754w\" sizes=\"auto, (max-width: 212px) 100vw, 212px\" \/><\/a><\/p>\n<p style=\"text-align: center;\">\n","protected":false},"excerpt":{"rendered":"<p>Enguany els infants de CM han organitzat la campanya de donaci\u00f3 de sang conjuntament amb el banc de sang i teixits. \u00c9s per aix\u00f2 que us convidem a participar del projecte el dimarts dia 1 d&#8217;abril a la tarda.<br \/>\n<a href=\"https:\/\/agora.xtec.cat\/ceipfmacia-orrius\/portada\/campanya-donacio-de-sang\/attachment\/escola-orrius-campanya-de-donacio-de-sang-1_page-0001\/\" rel=\"attachment wp-att-4150\"><\/a><\/p>\n","protected":false},"author":1,"featured_media":4150,"comment_status":"open","ping_status":"closed","sticky":false,"template":"","format":"standard","meta":{"_bbp_topic_count":0,"_bbp_reply_count":0,"_bbp_total_topic_count":0,"_bbp_total_reply_count":0,"_bbp_voice_count":0,"_bbp_anonymous_reply_count":0,"_bbp_topic_count_hidden":0,"_bbp_reply_count_hidden":0,"_bbp_forum_subforum_count":0,"footnotes":""},"categories":[4],"tags":[],"class_list":["post-4149","post","type-post","status-publish","format-standard","has-post-thumbnail","hentry","category-portada"],"post_mailing_queue_ids":[],"_links":{"self":[{"href":"https:\/\/agora.xtec.cat\/ceipfmacia-orrius\/wp-json\/wp\/v2\/posts\/4149","targetHints":{"allow":["GET"]}}],"collection":[{"href":"https:\/\/agora.xtec.cat\/ceipfmacia-orrius\/wp-json\/wp\/v2\/posts"}],"about":[{"href":"https:\/\/agora.xtec.cat\/ceipfmacia-orrius\/wp-json\/wp\/v2\/types\/post"}],"author":[{"embeddable":true,"href":"https:\/\/agora.xtec.cat\/ceipfmacia-orrius\/wp-json\/wp\/v2\/users\/1"}],"replies":[{"embeddable":true,"href":"https:\/\/agora.xtec.cat\/ceipfmacia-orrius\/wp-json\/wp\/v2\/comments?post=4149"}],"version-history":[{"count":3,"href":"https:\/\/agora.xtec.cat\/ceipfmacia-orrius\/wp-json\/wp\/v2\/posts\/4149\/revisions"}],"predecessor-version":[{"id":4154,"href":"https:\/\/agora.xtec.cat\/ceipfmacia-orrius\/wp-json\/wp\/v2\/posts\/4149\/revisions\/4154"}],"wp:featuredmedia":[{"embeddable":true,"href":"https:\/\/agora.xtec.cat\/ceipfmacia-orrius\/wp-json\/wp\/v2\/media\/4150"}],"wp:attachment":[{"href":"https:\/\/agora.xtec.cat\/ceipfmacia-orrius\/wp-json\/wp\/v2\/media?parent=4149"}],"wp:term":[{"taxonomy":"category","embeddable":true,"href":"https:\/\/agora.xtec.cat\/ceipfmacia-orrius\/wp-json\/wp\/v2\/categories?post=4149"},{"taxonomy":"post_tag","embeddable":true,"href":"https:\/\/agora.xtec.cat\/ceipfmacia-orrius\/wp-json\/wp\/v2\/tags?post=4149"}],"curies":[{"name":"wp","href":"https:\/\/api.w.org\/{rel}","templated":true}]}}