{"id":4092,"date":"2025-02-28T11:59:31","date_gmt":"2025-02-28T10:59:31","guid":{"rendered":"https:\/\/agora.xtec.cat\/ceipfmacia-orrius\/?p=4092"},"modified":"2025-02-28T11:59:52","modified_gmt":"2025-02-28T10:59:52","slug":"sortida-a-sant-bartomeu","status":"publish","type":"post","link":"https:\/\/agora.xtec.cat\/ceipfmacia-orrius\/portada\/sortida-a-sant-bartomeu\/","title":{"rendered":"SORTIDA A SANT BARTOMEU"},"content":{"rendered":"<p>Com a tradici\u00f3 a l&#8217;escola el dijous llarder l&#8217;alumnat d&#8217;Infantil i Prim\u00e0ria anem a esmorzar pa i botifarra d&#8217;ou, i a passar un dia de germanor a Sant Bartomeu, tot fent una excursi\u00f3. Un cop all\u00e0 els m\u00e9s grans allarguen l&#8217;excursi\u00f3 fins al Tur\u00f3 de C\u00e9llecs, i els m\u00e9s petits ens quedem fent activitats a la natura a l&#8217;esplanada.<\/p>\n<p><a href=\"https:\/\/drive.google.com\/drive\/folders\/1NtwXf_eCV0MMZ4TsPbtALAT1BA0erBHi?usp=sharing\">Aqui<\/a> podeu veure les imatges del dia.<\/p>\n<p>&nbsp;<\/p>\n","protected":false},"excerpt":{"rendered":"<p>Com a tradici\u00f3 a l&#8217;escola el dijous llarder l&#8217;alumnat d&#8217;Infantil i Prim\u00e0ria anem a esmorzar pa i botifarra d&#8217;ou, i a passar un dia de germanor a Sant Bartomeu, tot fent una excursi\u00f3. Un cop all\u00e0 els m\u00e9s grans allarguen l&#8217;excursi\u00f3 fins al Tur\u00f3 de&hellip;  <a href=\"https:\/\/agora.xtec.cat\/ceipfmacia-orrius\/portada\/sortida-a-sant-bartomeu\/\" title=\"Read SORTIDA A SANT BARTOMEU\">Llegeix m\u00e9s\u00bb<\/a><\/p>\n","protected":false},"author":1,"featured_media":4093,"comment_status":"open","ping_status":"closed","sticky":false,"template":"","format":"standard","meta":{"_bbp_topic_count":0,"_bbp_reply_count":0,"_bbp_total_topic_count":0,"_bbp_total_reply_count":0,"_bbp_voice_count":0,"_bbp_anonymous_reply_count":0,"_bbp_topic_count_hidden":0,"_bbp_reply_count_hidden":0,"_bbp_forum_subforum_count":0,"footnotes":""},"categories":[4],"tags":[],"class_list":["post-4092","post","type-post","status-publish","format-standard","has-post-thumbnail","hentry","category-portada"],"post_mailing_queue_ids":[],"_links":{"self":[{"href":"https:\/\/agora.xtec.cat\/ceipfmacia-orrius\/wp-json\/wp\/v2\/posts\/4092","targetHints":{"allow":["GET"]}}],"collection":[{"href":"https:\/\/agora.xtec.cat\/ceipfmacia-orrius\/wp-json\/wp\/v2\/posts"}],"about":[{"href":"https:\/\/agora.xtec.cat\/ceipfmacia-orrius\/wp-json\/wp\/v2\/types\/post"}],"author":[{"embeddable":true,"href":"https:\/\/agora.xtec.cat\/ceipfmacia-orrius\/wp-json\/wp\/v2\/users\/1"}],"replies":[{"embeddable":true,"href":"https:\/\/agora.xtec.cat\/ceipfmacia-orrius\/wp-json\/wp\/v2\/comments?post=4092"}],"version-history":[{"count":1,"href":"https:\/\/agora.xtec.cat\/ceipfmacia-orrius\/wp-json\/wp\/v2\/posts\/4092\/revisions"}],"predecessor-version":[{"id":4094,"href":"https:\/\/agora.xtec.cat\/ceipfmacia-orrius\/wp-json\/wp\/v2\/posts\/4092\/revisions\/4094"}],"wp:featuredmedia":[{"embeddable":true,"href":"https:\/\/agora.xtec.cat\/ceipfmacia-orrius\/wp-json\/wp\/v2\/media\/4093"}],"wp:attachment":[{"href":"https:\/\/agora.xtec.cat\/ceipfmacia-orrius\/wp-json\/wp\/v2\/media?parent=4092"}],"wp:term":[{"taxonomy":"category","embeddable":true,"href":"https:\/\/agora.xtec.cat\/ceipfmacia-orrius\/wp-json\/wp\/v2\/categories?post=4092"},{"taxonomy":"post_tag","embeddable":true,"href":"https:\/\/agora.xtec.cat\/ceipfmacia-orrius\/wp-json\/wp\/v2\/tags?post=4092"}],"curies":[{"name":"wp","href":"https:\/\/api.w.org\/{rel}","templated":true}]}}