{"id":4086,"date":"2025-02-24T14:48:19","date_gmt":"2025-02-24T13:48:19","guid":{"rendered":"https:\/\/agora.xtec.cat\/ceipfmacia-orrius\/?p=4086"},"modified":"2025-02-24T14:48:19","modified_gmt":"2025-02-24T13:48:19","slug":"arribada-del-rei-carnestoltes","status":"publish","type":"post","link":"https:\/\/agora.xtec.cat\/ceipfmacia-orrius\/portada\/arribada-del-rei-carnestoltes\/","title":{"rendered":"ARRIBADA DEL REI CARNESTOLTES!!!"},"content":{"rendered":"<p data-pm-slice=\"1 1 []\">Avui a l&#8217;hora del pati l&#8217;alumnat de l&#8217;escola \u00d2rrius ha sentit un xivarri i una xerinola que s&#8217;apropava a l&#8217;escola&#8230; qu\u00e8 \u00e9s?, on \u00e9s?, qui \u00e9s?<strong> EL REI CARNESTOLTES<\/strong>, els seus ajudants i la comitiva !!!! Ha arribat a l&#8217;escola per posar-la cap per avall! Ens ha fet un bon preg\u00f3 i ens ha anunciat les consignes de la setmana.<\/p>\n<p>Benvingut Sr. Rei Carnestoltes!!!!<\/p>\n<p><a href=\"https:\/\/drive.google.com\/drive\/folders\/1xi1gfmLym5ggsn1IrZ2QIMF27l4yi0uI?usp=sharing\">ENLLA\u00c7 A LES IMATGES<\/a><\/p>\n<p><a href=\"https:\/\/agora.xtec.cat\/ceipfmacia-orrius\/wp-content\/uploads\/usu2067\/2025\/02\/Carnaval25-1.png\"><img loading=\"lazy\" decoding=\"async\" class=\"alignnone  wp-image-4089\" src=\"https:\/\/agora.xtec.cat\/ceipfmacia-orrius\/wp-content\/uploads\/usu2067\/2025\/02\/Carnaval25-1-225x300.png\" alt=\"\" width=\"329\" height=\"439\" srcset=\"https:\/\/agora.xtec.cat\/ceipfmacia-orrius\/wp-content\/uploads\/usu2067\/2025\/02\/Carnaval25-1-225x300.png 225w, https:\/\/agora.xtec.cat\/ceipfmacia-orrius\/wp-content\/uploads\/usu2067\/2025\/02\/Carnaval25-1-768x1024.png 768w, https:\/\/agora.xtec.cat\/ceipfmacia-orrius\/wp-content\/uploads\/usu2067\/2025\/02\/Carnaval25-1-1152x1536.png 1152w, https:\/\/agora.xtec.cat\/ceipfmacia-orrius\/wp-content\/uploads\/usu2067\/2025\/02\/Carnaval25-1-1536x2048.png 1536w\" sizes=\"auto, (max-width: 329px) 100vw, 329px\" \/><\/a><\/p>\n","protected":false},"excerpt":{"rendered":"<p>Avui a l&#8217;hora del pati l&#8217;alumnat de l&#8217;escola \u00d2rrius ha sentit un xivarri i una xerinola que s&#8217;apropava a l&#8217;escola&#8230; qu\u00e8 \u00e9s?, on \u00e9s?, qui \u00e9s? EL REI CARNESTOLTES, els seus ajudants i la comitiva !!!! Ha arribat a l&#8217;escola per posar-la cap per avall!&hellip;  <a href=\"https:\/\/agora.xtec.cat\/ceipfmacia-orrius\/portada\/arribada-del-rei-carnestoltes\/\" title=\"Read ARRIBADA DEL REI CARNESTOLTES!!!\">Llegeix m\u00e9s\u00bb<\/a><\/p>\n","protected":false},"author":1,"featured_media":4090,"comment_status":"open","ping_status":"closed","sticky":false,"template":"","format":"standard","meta":{"_bbp_topic_count":0,"_bbp_reply_count":0,"_bbp_total_topic_count":0,"_bbp_total_reply_count":0,"_bbp_voice_count":0,"_bbp_anonymous_reply_count":0,"_bbp_topic_count_hidden":0,"_bbp_reply_count_hidden":0,"_bbp_forum_subforum_count":0,"footnotes":""},"categories":[4],"tags":[],"class_list":["post-4086","post","type-post","status-publish","format-standard","has-post-thumbnail","hentry","category-portada"],"post_mailing_queue_ids":[],"_links":{"self":[{"href":"https:\/\/agora.xtec.cat\/ceipfmacia-orrius\/wp-json\/wp\/v2\/posts\/4086","targetHints":{"allow":["GET"]}}],"collection":[{"href":"https:\/\/agora.xtec.cat\/ceipfmacia-orrius\/wp-json\/wp\/v2\/posts"}],"about":[{"href":"https:\/\/agora.xtec.cat\/ceipfmacia-orrius\/wp-json\/wp\/v2\/types\/post"}],"author":[{"embeddable":true,"href":"https:\/\/agora.xtec.cat\/ceipfmacia-orrius\/wp-json\/wp\/v2\/users\/1"}],"replies":[{"embeddable":true,"href":"https:\/\/agora.xtec.cat\/ceipfmacia-orrius\/wp-json\/wp\/v2\/comments?post=4086"}],"version-history":[{"count":1,"href":"https:\/\/agora.xtec.cat\/ceipfmacia-orrius\/wp-json\/wp\/v2\/posts\/4086\/revisions"}],"predecessor-version":[{"id":4091,"href":"https:\/\/agora.xtec.cat\/ceipfmacia-orrius\/wp-json\/wp\/v2\/posts\/4086\/revisions\/4091"}],"wp:featuredmedia":[{"embeddable":true,"href":"https:\/\/agora.xtec.cat\/ceipfmacia-orrius\/wp-json\/wp\/v2\/media\/4090"}],"wp:attachment":[{"href":"https:\/\/agora.xtec.cat\/ceipfmacia-orrius\/wp-json\/wp\/v2\/media?parent=4086"}],"wp:term":[{"taxonomy":"category","embeddable":true,"href":"https:\/\/agora.xtec.cat\/ceipfmacia-orrius\/wp-json\/wp\/v2\/categories?post=4086"},{"taxonomy":"post_tag","embeddable":true,"href":"https:\/\/agora.xtec.cat\/ceipfmacia-orrius\/wp-json\/wp\/v2\/tags?post=4086"}],"curies":[{"name":"wp","href":"https:\/\/api.w.org\/{rel}","templated":true}]}}